{"id":2603,"date":"2021-07-13T16:32:25","date_gmt":"2021-07-13T14:32:25","guid":{"rendered":"http:\/\/www.loireenscene.org\/?p=2603"},"modified":"2022-07-12T11:07:19","modified_gmt":"2022-07-12T09:07:19","slug":"lumiere-so-jazz","status":"publish","type":"post","link":"https:\/\/www.loireenscene.org\/index.php\/2021\/07\/13\/lumiere-so-jazz\/","title":{"rendered":"Lumi\u00e8re ! So Jazz"},"content":{"rendered":"\n<h4 class=\"wp-block-heading\">Cie Carr\u00e9 Blanc<\/h4>\n\n\n\n<h3 class=\"has-text-align-right wp-block-heading\"><span style=\"background-color:#ffffff\" class=\"tadv-background-color\"><span style=\"color:#16b4c0\" class=\"tadv-color\">Samedi 25 mars, 11h<br>Th\u00e9\u00e2tre du Parc, Andr\u00e9zieux-Bouth\u00e9on<\/span><\/span><\/h3>\n\n\n\n<p><strong><em>Danse et musique<br>\u00c0 partir de 3 ans <\/em><\/strong><em>&#8211; Dur\u00e9e : 35 min<\/em><\/p>\n\n\n\n<p>Lumi\u00e8re ! So jazz est une explosion de danse et de musique \u00e0 partager entre petits et grands. Sur sc\u00e8ne, trois complices entrelacent chants, percussions corporelles et swing endiabl\u00e9 au rythme des sonorit\u00e9s compos\u00e9es par la batteuse Lydie Dupuy. Ce spectacle est tout autant un \u00e9loge du plaisir de la danse qu\u2019un hommage \u00e0 l\u2019un des instruments incontournables du jazz : la batterie. Dans une sc\u00e9nographie po\u00e9tique, peu \u00e0 peu la clart\u00e9 laisse place aux premi\u00e8res \u00e9toiles, un arc- en-ciel na\u00eet de l\u2019obscurit\u00e9 et dans la maison r\u00e9sonnent les notes d\u2019un blues, berceuse tout en douceur et en sensualit\u00e9. Une invitation \u00e0 se lover dans l\u2019obscurit\u00e9 pour mieux savourer le jazz.<\/p>\n\n\n\n<p><em>Chor\u00e9graphie : Mich\u00e8le Dhallu <br>Interpr\u00e9tation : Lydie Dupuy, musicienne, Juliette Fisson &amp; Stanislas Siwiorek, danseurs<br>Cr\u00e9ation musicale : Lydie Dupuy <br>Cr\u00e9ation lumi\u00e8re : Yves-Marie Corfa <br>Sc\u00e9nographie et costumes : Coline Vergez<\/em><\/p>\n\n\n\n<p>Production&nbsp;: Carr\u00e9 Blanc Cie<br>Coproduction : EPCC L\u2019Astrada, Sc\u00e8ne conventionn\u00e9e pour le jazz \u2013 Marciac (32) | Odyssud \u2013 Blagnac (31) | Centre Culturel de Ramonville-Saint-Agne (31) <br>Aide \u00e0 la r\u00e9sidence : La Minoterie &#8211; sc\u00e8ne conventionn\u00e9e Art, enfance, jeunesse \u2013 Dijon (21) <br>Accueil en r\u00e9sidences : Centre Culturel de Ramonville-Saint-Agne (31) | La Halle aux Grains \u2013 Samatan (32) | Odyssud \u2013 Blagnac (31) | | EPCC L\u2019Astrada, Sc\u00e8ne conventionn\u00e9e pour le jazz \u2013 Marciac (32) <br>Avec le soutien de la DRAC Occitanie, aide \u00e0 la cr\u00e9ation, de la SACEM \u2013 Aide \u00e0 la<br>cr\u00e9ation de spectacle musicaux pour le jeune public, de la SPEDIDAM &#8211; Aide \u00e0 la cr\u00e9ation de spectacle vivant.<br>Carr\u00e9 Blanc Cie est conventionn\u00e9e par le Conseil R\u00e9gional Occitanie et subventionn\u00e9e par la DRAC Occitanie et le Conseil D\u00e9partemental du Gers<\/p>\n\n\n\n<p class=\"has-text-color\" style=\"color:#16b4c0\"><strong> Infos \/ R\u00e9servation \/ Billetterie :  04 77 36 26 00 | <a href=\"https:\/\/theatreduparc.notre-billetterie.com\/formulaire?dial=sommaire\" target=\"_blank\" rel=\"noreferrer noopener\">www.theatreduparc.com<\/a><\/strong><\/p>\n\n\n\n<p>TP : 19,00\u20ac<br>TR : 8,00\u20ac<\/p>\n","protected":false},"excerpt":{"rendered":"<p>Cie Carr\u00e9 Blanc Samedi 25 mars, 11hTh\u00e9\u00e2tre du Parc, Andr\u00e9zieux-Bouth\u00e9on Danse et musique\u00c0 partir de 3 ans &#8211; Dur\u00e9e : 35 min Lumi\u00e8re ! So jazz est une explosion de danse et de musique \u00e0 partager entre petits et grands. Sur sc\u00e8ne, trois complices entrelacent chants, percussions corporelles et swing endiabl\u00e9 au rythme des sonorit\u00e9s&hellip; <a href=\"https:\/\/www.loireenscene.org\/index.php\/2021\/07\/13\/lumiere-so-jazz\/\" class=\"more-link\">Lire la suite <span class=\"screen-reader-text\">Lumi\u00e8re ! So Jazz<\/span><\/a><\/p>\n","protected":false},"author":1,"featured_media":3209,"comment_status":"open","ping_status":"open","sticky":false,"template":"","format":"standard","meta":{"spay_email":"","footnotes":""},"categories":[17],"tags":[],"jetpack_featured_media_url":"https:\/\/www.loireenscene.org\/wp-content\/uploads\/2021\/07\/lumie\u0300re-so-jazz-credits-Pierre-Ricci.jpg","_links":{"self":[{"href":"https:\/\/www.loireenscene.org\/index.php\/wp-json\/wp\/v2\/posts\/2603"}],"collection":[{"href":"https:\/\/www.loireenscene.org\/index.php\/wp-json\/wp\/v2\/posts"}],"about":[{"href":"https:\/\/www.loireenscene.org\/index.php\/wp-json\/wp\/v2\/types\/post"}],"author":[{"embeddable":true,"href":"https:\/\/www.loireenscene.org\/index.php\/wp-json\/wp\/v2\/users\/1"}],"replies":[{"embeddable":true,"href":"https:\/\/www.loireenscene.org\/index.php\/wp-json\/wp\/v2\/comments?post=2603"}],"version-history":[{"count":13,"href":"https:\/\/www.loireenscene.org\/index.php\/wp-json\/wp\/v2\/posts\/2603\/revisions"}],"predecessor-version":[{"id":3273,"href":"https:\/\/www.loireenscene.org\/index.php\/wp-json\/wp\/v2\/posts\/2603\/revisions\/3273"}],"wp:featuredmedia":[{"embeddable":true,"href":"https:\/\/www.loireenscene.org\/index.php\/wp-json\/wp\/v2\/media\/3209"}],"wp:attachment":[{"href":"https:\/\/www.loireenscene.org\/index.php\/wp-json\/wp\/v2\/media?parent=2603"}],"wp:term":[{"taxonomy":"category","embeddable":true,"href":"https:\/\/www.loireenscene.org\/index.php\/wp-json\/wp\/v2\/categories?post=2603"},{"taxonomy":"post_tag","embeddable":true,"href":"https:\/\/www.loireenscene.org\/index.php\/wp-json\/wp\/v2\/tags?post=2603"}],"curies":[{"name":"wp","href":"https:\/\/api.w.org\/{rel}","templated":true}]}}