{"id":2630,"date":"2021-07-13T17:06:31","date_gmt":"2021-07-13T15:06:31","guid":{"rendered":"http:\/\/www.loireenscene.org\/?p=2630"},"modified":"2022-07-12T11:06:22","modified_gmt":"2022-07-12T09:06:22","slug":"terairofeu","status":"publish","type":"post","link":"https:\/\/www.loireenscene.org\/index.php\/2021\/07\/13\/terairofeu\/","title":{"rendered":"Terairofeu"},"content":{"rendered":"\n<h4 class=\"wp-block-heading\">Cie La Belle Meuni\u00e8re<\/h4>\n\n\n\n<h3 class=\"has-text-align-right wp-block-heading\"><span style=\"background-color:#ffffff\" class=\"tadv-background-color\"><span style=\"color:#16b4c0\" class=\"tadv-color\">Mercredi 9 novembre, 17h30<br>Th\u00e9\u00e2tre du Parc, Andr\u00e9zieux-Bouth\u00e9on<\/span><\/span><\/h3>\n\n\n\n<p><strong><em>Cirque<br>\u00c0 partir de 6 ans <\/em><\/strong><em>&#8211; Dur\u00e9e : 55 min<\/em><\/p>\n\n\n\n<p>Une fille et un gar\u00e7on jouent dans un espace d\u00e9sol\u00e9, au milieu de mat\u00e9riaux us\u00e9s les plus divers : bouts de plastique, ferraille, car tons, moteurs \u00e9lectriques\u2026 Les couleurs sont vives, les formes qui les entourent surprenantes. On les devine livr\u00e9s \u00e0 eux-m\u00eames, loin du monde polic\u00e9. Loin aussi de l\u2019eau, de l\u2019air, de la terre et du feu, d\u2019\u00e9l\u00e9ments inspirants et hospitaliers. S\u2019aidant \u00e0 la fois d\u2019une m\u00e9moire ancienne qui leur revient et de leur inventivit\u00e9 joueuse, ils vont chercher \u00e0 retrouver les sensations procur\u00e9es par ces divers \u00e9l\u00e9ments. Ensemble, ils inventent un rituel imaginaire, mettant en jeu tout un tas de dispositifs qu\u2019ils manipulent avec l\u2019envie de constamment s\u2019\u00e9tonner l\u2019un l\u2019autre. Comment le plus d\u00e9consid\u00e9r\u00e9 peut nous \u00e9mouvoir et rendre le monde \u00e0 nouveau d\u00e9sirable\u2026<\/p>\n\n\n\n<p><em>Conception : Marguerite Bordat et Pierre Meunier<br>Jeu : Louison Alix, Simon Angl\u00e8s, Jeff Perlicius<br>Travail vocal : Anne de Broca<br>Lumi\u00e8re : Herv\u00e9 Frichet<br>Son : Hans Kunze<br>R\u00e9gie g\u00e9n\u00e9rale, construction : Jeff Perlicius<br>Collaboration aux costumes : S\u00e9verine Yvernault<br>Production- administration : Caroline Tigeot<br>Production-diffusion : C\u00e9line Aguillon<\/em><\/p>\n\n\n\n<p>Coproductions : La Coloc&rsquo; de la culture &#8211; Sc\u00e8ne conventionn\u00e9e d&rsquo;int\u00e9r\u00eat national &#8211; art, enfance, jeunesse, TJP \u2013 centre dramatique national Strasbourg Grand-Est, Th\u00e9\u00e2tre Nouvelle G\u00e9n\u00e9ration &#8211; Centre dramatique national de Lyon <br>Avec la participation artistique de l\u2019ENSATT et du fond d&rsquo;insertion professionnelle de l\u2019ENSAD &#8211; Maison Louis Jouvet. <br>La compagnie La Belle Meuni\u00e8re est conventionn\u00e9e par le Minist\u00e8re de la Culture DRAC Auvergne-Rh\u00f4ne-Alpes, le Conseil R\u00e9gional Auvergne Rh\u00f4ne-Alpes et le Conseil D\u00e9partemental de l\u2019Allier. Marguerite Bordat et Pierre Meunier sont artistes de la fabrique \u00e0 la Com\u00e9die de Saint-Etienne \u2013 CDN et associ\u00e9s \u00e0 la Com\u00e9die de Valence &#8211; CDN. <br>Pierre Meunier est auteur associ\u00e9 au Th\u00e9\u00e2tre des \u00eelets &#8211; CDN de Montlu\u00e7on.<\/p>\n\n\n\n<p class=\"has-text-color\" style=\"color:#16b4c0\"><strong> Infos \/ R\u00e9servation \/ Billetterie :  04 77 36 26 00 ou <a href=\"https:\/\/theatreduparc.notre-billetterie.com\/formulaire?dial=sommaire\" target=\"_blank\" rel=\"noreferrer noopener\">www.theatreduparc.com<\/a><\/strong><\/p>\n\n\n\n<p>TP : 19,00\u20ac <br>TR : 8,00\u20ac <\/p>\n","protected":false},"excerpt":{"rendered":"<p>Cie La Belle Meuni\u00e8re Mercredi 9 novembre, 17h30Th\u00e9\u00e2tre du Parc, Andr\u00e9zieux-Bouth\u00e9on Cirque\u00c0 partir de 6 ans &#8211; Dur\u00e9e : 55 min Une fille et un gar\u00e7on jouent dans un espace d\u00e9sol\u00e9, au milieu de mat\u00e9riaux us\u00e9s les plus divers : bouts de plastique, ferraille, car tons, moteurs \u00e9lectriques\u2026 Les couleurs sont vives, les formes qui&hellip; <a href=\"https:\/\/www.loireenscene.org\/index.php\/2021\/07\/13\/terairofeu\/\" class=\"more-link\">Lire la suite <span class=\"screen-reader-text\">Terairofeu<\/span><\/a><\/p>\n","protected":false},"author":1,"featured_media":3194,"comment_status":"open","ping_status":"open","sticky":false,"template":"","format":"standard","meta":{"spay_email":"","footnotes":""},"categories":[17],"tags":[],"jetpack_featured_media_url":"https:\/\/www.loireenscene.org\/wp-content\/uploads\/2021\/07\/Terrairofeu-Jean-Pierre-Estournet-094-P0128995-scaled.jpg","_links":{"self":[{"href":"https:\/\/www.loireenscene.org\/index.php\/wp-json\/wp\/v2\/posts\/2630"}],"collection":[{"href":"https:\/\/www.loireenscene.org\/index.php\/wp-json\/wp\/v2\/posts"}],"about":[{"href":"https:\/\/www.loireenscene.org\/index.php\/wp-json\/wp\/v2\/types\/post"}],"author":[{"embeddable":true,"href":"https:\/\/www.loireenscene.org\/index.php\/wp-json\/wp\/v2\/users\/1"}],"replies":[{"embeddable":true,"href":"https:\/\/www.loireenscene.org\/index.php\/wp-json\/wp\/v2\/comments?post=2630"}],"version-history":[{"count":4,"href":"https:\/\/www.loireenscene.org\/index.php\/wp-json\/wp\/v2\/posts\/2630\/revisions"}],"predecessor-version":[{"id":3195,"href":"https:\/\/www.loireenscene.org\/index.php\/wp-json\/wp\/v2\/posts\/2630\/revisions\/3195"}],"wp:featuredmedia":[{"embeddable":true,"href":"https:\/\/www.loireenscene.org\/index.php\/wp-json\/wp\/v2\/media\/3194"}],"wp:attachment":[{"href":"https:\/\/www.loireenscene.org\/index.php\/wp-json\/wp\/v2\/media?parent=2630"}],"wp:term":[{"taxonomy":"category","embeddable":true,"href":"https:\/\/www.loireenscene.org\/index.php\/wp-json\/wp\/v2\/categories?post=2630"},{"taxonomy":"post_tag","embeddable":true,"href":"https:\/\/www.loireenscene.org\/index.php\/wp-json\/wp\/v2\/tags?post=2630"}],"curies":[{"name":"wp","href":"https:\/\/api.w.org\/{rel}","templated":true}]}}