{"id":2633,"date":"2021-07-13T17:14:45","date_gmt":"2021-07-13T15:14:45","guid":{"rendered":"http:\/\/www.loireenscene.org\/?p=2633"},"modified":"2022-07-12T11:06:04","modified_gmt":"2022-07-12T09:06:04","slug":"depuis-que-je-suis-ne","status":"publish","type":"post","link":"https:\/\/www.loireenscene.org\/index.php\/2021\/07\/13\/depuis-que-je-suis-ne\/","title":{"rendered":"Depuis que je suis n\u00e9"},"content":{"rendered":"\n<h4 class=\"wp-block-heading\">Cie du Ka\u00efros<\/h4>\n\n\n\n<h3 class=\"has-text-align-right has-text-color wp-block-heading\" style=\"color:#16b4c0\"><span style=\"background-color:#ffffff\" class=\"tadv-background-color\"><span style=\"color:#16b4c0\" class=\"tadv-color\">Samedi 14 janvier, 17h30<br>La CoPLER<\/span><\/span>, Saint-Symphorien-de-Lay<\/h3>\n\n\n\n<p><strong><em>Th\u00e9\u00e2tre &#8211; musique<br>\u00c0 partir de 6 ans<\/em><\/strong><em>&#8211; Dur\u00e9e : 45 min<\/em><\/p>\n\n\n\n<p>Il a vu sa grand-m\u00e8re, une femme \u00e9minente, \u00e9crire ses m\u00e9moires. Pourquoi ne ferait-il pas la m\u00eame chose, m\u00eame s\u2019il n\u2019a que 6 ans et vient juste d\u2019apprendre \u00e0 lire et \u00e9crire ? C\u2019est ainsi qu\u2019un petit gar\u00e7on se lance dans ce projet de grande ambition : se livrer au r\u00e9cit r\u00e9trospectif des \u00e9v\u00e9nements marquants de sa propre existence. De sa naissance \u00e0 ses premiers babillages, de l\u2019\u00e9pop\u00e9e de la cr\u00e8che \u00e0 l\u2019entr\u00e9e en maternelle, des premiers apprentissages \u00e0 la d\u00e9couverte de la notion n\u00e9buleuse de \u00ab travail \u00bb, rien ne sera laiss\u00e9 de c\u00f4t\u00e9 dans son autobiographie, racont\u00e9e en mots et en chansons !<br>Avec ce projet, David Lescot met en sc\u00e8ne son jeune personnage dans la \u00ab chambre \u00bb de son imagination, au c\u0153ur d\u2019un petit castelet contenant des installations d\u2019objets sonores et de machines musicales savamment bricol\u00e9es.<\/p>\n\n\n\n<p><em>Jeu : Louise Guillaume ou Mirabelle Kalfon (en alternance)<br>Sc\u00e9nographie : Alwyne de Dardel<br>Conception sonore, \u00e9lectronique : Antony Capelli<br>Lumi\u00e8res : Paul Beaureilles<\/em><\/p>\n\n\n\n<p>Production Th\u00e9\u00e2tre de Sartrouville et des Yvelines\u2013CDN<br>Coproduction Compagnie du Ka\u00efros avec le soutien du JTN<\/p>\n\n\n\n<p class=\"has-text-color\" style=\"color:#16b4c0\"><strong> Infos \/ R\u00e9servation \/ Billetterie :  <strong>04 77 62 77 62<\/strong><\/strong> ou <strong><a href=\"http:\/\/www.copler.fr\" target=\"_blank\" rel=\"noreferrer noopener\">Saison culturelle la CoPLER<\/a><\/strong><\/p>\n\n\n\n<p>Tarif unique : 4,00\u20ac<\/p>\n","protected":false},"excerpt":{"rendered":"<p>Cie du Ka\u00efros Samedi 14 janvier, 17h30La CoPLER, Saint-Symphorien-de-Lay Th\u00e9\u00e2tre &#8211; musique\u00c0 partir de 6 ans&#8211; Dur\u00e9e : 45 min Il a vu sa grand-m\u00e8re, une femme \u00e9minente, \u00e9crire ses m\u00e9moires. Pourquoi ne ferait-il pas la m\u00eame chose, m\u00eame s\u2019il n\u2019a que 6 ans et vient juste d\u2019apprendre \u00e0 lire et \u00e9crire ? C\u2019est ainsi&hellip; <a href=\"https:\/\/www.loireenscene.org\/index.php\/2021\/07\/13\/depuis-que-je-suis-ne\/\" class=\"more-link\">Lire la suite <span class=\"screen-reader-text\">Depuis que je suis n\u00e9<\/span><\/a><\/p>\n","protected":false},"author":1,"featured_media":3191,"comment_status":"open","ping_status":"open","sticky":false,"template":"","format":"standard","meta":{"spay_email":"","footnotes":""},"categories":[17],"tags":[],"jetpack_featured_media_url":"https:\/\/www.loireenscene.org\/wp-content\/uploads\/2021\/07\/XGo45WoY-scaled.jpeg","_links":{"self":[{"href":"https:\/\/www.loireenscene.org\/index.php\/wp-json\/wp\/v2\/posts\/2633"}],"collection":[{"href":"https:\/\/www.loireenscene.org\/index.php\/wp-json\/wp\/v2\/posts"}],"about":[{"href":"https:\/\/www.loireenscene.org\/index.php\/wp-json\/wp\/v2\/types\/post"}],"author":[{"embeddable":true,"href":"https:\/\/www.loireenscene.org\/index.php\/wp-json\/wp\/v2\/users\/1"}],"replies":[{"embeddable":true,"href":"https:\/\/www.loireenscene.org\/index.php\/wp-json\/wp\/v2\/comments?post=2633"}],"version-history":[{"count":3,"href":"https:\/\/www.loireenscene.org\/index.php\/wp-json\/wp\/v2\/posts\/2633\/revisions"}],"predecessor-version":[{"id":3196,"href":"https:\/\/www.loireenscene.org\/index.php\/wp-json\/wp\/v2\/posts\/2633\/revisions\/3196"}],"wp:featuredmedia":[{"embeddable":true,"href":"https:\/\/www.loireenscene.org\/index.php\/wp-json\/wp\/v2\/media\/3191"}],"wp:attachment":[{"href":"https:\/\/www.loireenscene.org\/index.php\/wp-json\/wp\/v2\/media?parent=2633"}],"wp:term":[{"taxonomy":"category","embeddable":true,"href":"https:\/\/www.loireenscene.org\/index.php\/wp-json\/wp\/v2\/categories?post=2633"},{"taxonomy":"post_tag","embeddable":true,"href":"https:\/\/www.loireenscene.org\/index.php\/wp-json\/wp\/v2\/tags?post=2633"}],"curies":[{"name":"wp","href":"https:\/\/api.w.org\/{rel}","templated":true}]}}