{"id":2638,"date":"2021-07-13T17:30:30","date_gmt":"2021-07-13T15:30:30","guid":{"rendered":"http:\/\/www.loireenscene.org\/?p=2638"},"modified":"2022-07-12T11:05:49","modified_gmt":"2022-07-12T09:05:49","slug":"dormir-100-ans","status":"publish","type":"post","link":"https:\/\/www.loireenscene.org\/index.php\/2021\/07\/13\/dormir-100-ans\/","title":{"rendered":"Dormir 100 ans"},"content":{"rendered":"\n<h4 class=\"wp-block-heading\">Cie la part des anges<\/h4>\n\n\n\n<h3 class=\"has-text-align-right has-text-color wp-block-heading\" style=\"color:#16b4c0\"><span style=\"background-color:#ffffff\" class=\"tadv-background-color\"><span style=\"color:#16b4c0\" class=\"tadv-color\">Jeu. 11 &amp; Ven. 12 mai, 19h<br>Samedi 13 mai, 17h<\/span><\/span><br>Mercredi 17 mai, 15h<br><span style=\"background-color:#ffffff\" class=\"tadv-background-color\"><span style=\"color:#16b4c0\" class=\"tadv-color\">La Com\u00e9die, Saint-\u00c9tienne<\/span><\/span><\/h3>\n\n\n\n<p><strong><em>Th\u00e9\u00e2tre<br>\u00c0 partir de 8 ans<\/em><\/strong><em>&#8211; Dur\u00e9e : 1h<\/em>00<\/p>\n\n\n\n<p>Aurore et Th\u00e9o, \u00e2g\u00e9.es d\u2019une douzaine d\u2019ann\u00e9es, sont \u00e0 la fois inquiet.es et press\u00e9.es de grandir. Les jours et les nuits passent : leurs aspirations et leurs d\u00e9sirs changent, parfois contradictoires, parfois en opposition avec leurs parents. Aurore et Th\u00e9o \u00e9prouvent aussi tour \u00e0 tour la peur d\u2019\u00eatre seul.es ou le d\u00e9sir de l\u2019\u00eatre, l\u2019impatience et la honte, surtout devant ce corps qu\u2019il et elle ne reconnaissent plus. Autant d\u2019\u00e9motions que tous deux peinent \u00e0 contenir et qui traversent leurs r\u00eaves.<br>Car Aurore et Th\u00e9o se croisent et se rencontrent dans leur sommeil. Il et elle se cherchent et se perdent dans leurs nuits, acteur.rices et spectateur.rices de leur m\u00e9tamorphose vers un autre \u00e2ge o\u00f9 la sexualit\u00e9 affleure. L\u2019autrice et metteuse en sc\u00e8ne Pauline Bureau d\u00e9ploie tout un univers onirique, fait de sons, de mots et d\u2019images, inspir\u00e9 du merveilleux des contes, pour aborder les complexit\u00e9s et les joies de l\u2019entr\u00e9e dans l\u2019adolescence.<\/p>\n\n\n\n<p><em>Texte et mise en sc\u00e8ne : Pauline Bureau<br>Jeu : Yann Burlot, Alban Guyon, Marie Nicolle, Camille Garcia<br>Dramaturgie : Beno\u00eete Bureau<br>Sc\u00e9nographie et r\u00e9alisation visuelle : Yves Kuperberg<br>Assistant vide\u0301o : Alex Forges<br>Lumi\u00e8re : Bruno Brinas<br>Composition musicale et sonore : Vincent Hulot<br>Costumes et accessoires : Alice Touvet<br>Collaboration artistique : Ce\u0301cile Zanibelli<br>R\u00e9gie vide\u0301o :Justin Artigues<br>R\u00e9gie son : S\u00e9bastien Villeroy<br>R\u00e9gie lumi\u00e8re : Pauline Falourd<br>Adaptation en langue des signes : Laurent Valo et Acce\u0300s Culture production Cie La part des anges<\/em><br><em>Diffusion : Maud Desbordes<br>Administration : Claire Dugot<br>Charg\u00e9e de production et logistique : Laura Gilles-Pick<br>Attach\u00e9e de presse : ZEF &#8211; Isabelle Muraour<\/em><\/p>\n\n\n\n<p><br>Coproduction : Th\u00e9\u00e2tre Dijon Bourgogne \u2013 CDN ; LeVolcan \u2013 Sc\u00e8ne nationale du Havre ; Th\u00e9\u00e2tre Andr\u00e9 Malraux de Chevilly Larue<br>Avec le soutien de l\u2019Adami et l\u2019aide a\u0300 la cr\u00e9ation de la Ville de Rouen<br>R\u00e9sidences de cr\u00e9ation : Th\u00e9\u00e2tre Paris Villette et Th\u00e9\u00e2tre Dijon Bourgogne \u2013 CDN<br>La part des anges est conventionn\u00e9e par le minist\u00e8re de la Culture \u2013 la DRAC Normandie et la<br>R\u00e9gion Normandie au titre du dispositif compagnies \u00e0 rayonnement national et international<br>Le texte est publi\u00e9 aux \u00e9ditions Actes Sud Papiers<br>Pauline Bureau est Artiste de La Fabrique de la Com\u00e9die de Saint-\u00c9tienne<\/p>\n\n\n\n<p><\/p>\n\n\n\n<p class=\"has-text-color\" style=\"color:#16b4c0\"><strong> Infos \/ R\u00e9servation \/ Billetterie :  04 77 25 14 14 ou <a rel=\"noreferrer noopener\" href=\"http:\/\/www.forumsirius.fr\/orion\/22081\/Ouverture_2021.html\" target=\"_blank\">www.lacomedie.fr<\/a><\/strong><\/p>\n\n\n\n<p>Tarifs : De 5,00\u20ac \u00e0 23,00\u20ac<\/p>\n","protected":false},"excerpt":{"rendered":"<p>Cie la part des anges Jeu. 11 &amp; Ven. 12 mai, 19hSamedi 13 mai, 17hMercredi 17 mai, 15hLa Com\u00e9die, Saint-\u00c9tienne Th\u00e9\u00e2tre\u00c0 partir de 8 ans&#8211; Dur\u00e9e : 1h00 Aurore et Th\u00e9o, \u00e2g\u00e9.es d\u2019une douzaine d\u2019ann\u00e9es, sont \u00e0 la fois inquiet.es et press\u00e9.es de grandir. Les jours et les nuits passent : leurs aspirations et leurs&hellip; <a href=\"https:\/\/www.loireenscene.org\/index.php\/2021\/07\/13\/dormir-100-ans\/\" class=\"more-link\">Lire la suite <span class=\"screen-reader-text\">Dormir 100 ans<\/span><\/a><\/p>\n","protected":false},"author":1,"featured_media":3188,"comment_status":"open","ping_status":"open","sticky":false,"template":"","format":"standard","meta":{"spay_email":"","footnotes":""},"categories":[17],"tags":[],"jetpack_featured_media_url":"https:\/\/www.loireenscene.org\/wp-content\/uploads\/2021\/07\/D1A_150216_484_slide.jpg","_links":{"self":[{"href":"https:\/\/www.loireenscene.org\/index.php\/wp-json\/wp\/v2\/posts\/2638"}],"collection":[{"href":"https:\/\/www.loireenscene.org\/index.php\/wp-json\/wp\/v2\/posts"}],"about":[{"href":"https:\/\/www.loireenscene.org\/index.php\/wp-json\/wp\/v2\/types\/post"}],"author":[{"embeddable":true,"href":"https:\/\/www.loireenscene.org\/index.php\/wp-json\/wp\/v2\/users\/1"}],"replies":[{"embeddable":true,"href":"https:\/\/www.loireenscene.org\/index.php\/wp-json\/wp\/v2\/comments?post=2638"}],"version-history":[{"count":3,"href":"https:\/\/www.loireenscene.org\/index.php\/wp-json\/wp\/v2\/posts\/2638\/revisions"}],"predecessor-version":[{"id":3189,"href":"https:\/\/www.loireenscene.org\/index.php\/wp-json\/wp\/v2\/posts\/2638\/revisions\/3189"}],"wp:featuredmedia":[{"embeddable":true,"href":"https:\/\/www.loireenscene.org\/index.php\/wp-json\/wp\/v2\/media\/3188"}],"wp:attachment":[{"href":"https:\/\/www.loireenscene.org\/index.php\/wp-json\/wp\/v2\/media?parent=2638"}],"wp:term":[{"taxonomy":"category","embeddable":true,"href":"https:\/\/www.loireenscene.org\/index.php\/wp-json\/wp\/v2\/categories?post=2638"},{"taxonomy":"post_tag","embeddable":true,"href":"https:\/\/www.loireenscene.org\/index.php\/wp-json\/wp\/v2\/tags?post=2638"}],"curies":[{"name":"wp","href":"https:\/\/api.w.org\/{rel}","templated":true}]}}