{"id":2651,"date":"2021-07-13T18:03:10","date_gmt":"2021-07-13T16:03:10","guid":{"rendered":"http:\/\/www.loireenscene.org\/?p=2651"},"modified":"2022-07-12T11:04:46","modified_gmt":"2022-07-12T09:04:46","slug":"en-traits-meles","status":"publish","type":"post","link":"https:\/\/www.loireenscene.org\/index.php\/2021\/07\/13\/en-traits-meles\/","title":{"rendered":"En traits m\u00eal\u00e9s"},"content":{"rendered":"\n<h4 class=\"wp-block-heading\">Th\u00e9\u00e2tre D\u00e9saccord\u00e9<\/h4>\n\n\n\n<h3 class=\"has-text-align-right has-text-color wp-block-heading\" style=\"color:#16b4c0\"><span style=\"background-color:#ffffff\" class=\"tadv-background-color\"><span style=\"color:#16b4c0\" class=\"tadv-color\">Samedi 12 novembre, 9h30, 11h00 et 16h30<\/span><\/span><br><span style=\"background-color:#ffffff\" class=\"tadv-background-color\"><span style=\"color:#16b4c0\" class=\"tadv-color\">La Passerelle, Saint-Just-Saint-Rambert<\/span><\/span><\/h3>\n\n\n\n<p><strong><em>\u00c9veil artistique<br>\u00c0 partir de 1 an <\/em><\/strong><em>&#8211; Dur\u00e9e : 30 min<\/em><\/p>\n\n\n\n<p>Voyage au c\u0153ur des dessins d\u2019enfants, une belle aventure pour les tout-petits !<br>Un petit trait, simple, commun, sans aucun attrait. Et si ce que nous consid\u00e9rons comme des gribouillages pouvait raconter une histoire et \u00eatre le d\u00e9but d\u2019un \u00e9tonnant p\u00e9riple.<br>Dans un espace intimiste, les tout-petits sont invit\u00e9s \u00e0 prendre le crayon puis \u00e0 tracer des traits selon leur inspiration. Puis, une pataphysicienne de g\u00e9nie, sp\u00e9cialiste de la \u00ab Traitologie \u00bb reprend cette mati\u00e8re, et l\u2019explore. R\u00e9v\u00e9l\u00e9s par la lumi\u00e8re, les traits deviennent alors aussi simples que saisissants. L\u2019enfant cr\u00e9ateur de trait devient spectateur de ce que ce trait raconte.<br>S\u2019inventent alors les aventures d\u2019un minuscule personnage tir\u00e9 par un fil. Il se balade \u00e0 hauteur d\u2019enfants dans un monde de cabosses, de boucles et de r\u00eaves en couleur.<br>Laissez-vous emporter dans un voyage parmi les \u00ab gribouillons \u00bb, un moment de complicit\u00e9 et d\u2019\u00e9motions inattendu \u00e0 d\u00e9couvrir.<\/p>\n\n\n\n<p><em>Conception, \u00e9criture : R\u00e9mi Lambert, Sandrine Maunier et Philippe Guillot<br>Mise en sc\u00e8ne : R\u00e9mi Lambert<br>Sc\u00e9nographie : Sandrine Maunier et Philippe Guillot<br>Jeu : Sonia Pintor i Font et Am\u00e9lie de Vautibault ou R\u00e9mi Lambert<br>Musique : Addie<br>Cr\u00e9ation sonore : Gilles Daumas<br>Costumes : Marie-Pierre Morel-Lab<br>R\u00e9gie : Matthieu Cacheur<\/em><\/p>\n\n\n\n<p><em> <strong> <\/strong><\/em><\/p>\n\n\n\n<p>Production : Th\u00e9\u00e2tre D\u00e9saccord\u00e9<br>Partenariat : Th\u00e9\u00e2tre Massalia et Ville d\u2019Aubagne<br>Co-r\u00e9alisation : Festival Th\u00e9\u00e2tr\u2019Enfant Avignon 2016<br>Soutien \u00e0 la diffusion : R\u00e9gion PACA et SPEDIDAM<\/p>\n\n\n\n<p class=\"has-text-color\" style=\"color:#16b4c0\"><strong> Infos \/ R\u00e9servation \/ Billetterie :  <strong>04 77 96 08 69<\/strong> ou <a rel=\"noreferrer noopener\" href=\"https:\/\/www.saison-lapasserelle.fr\/\" target=\"_blank\">www.lapasserelle.fr<\/a><\/strong><\/p>\n\n\n\n<p>Tarif unique&nbsp;| 5,00\u20ac<\/p>\n","protected":false},"excerpt":{"rendered":"<p>Th\u00e9\u00e2tre D\u00e9saccord\u00e9 Samedi 12 novembre, 9h30, 11h00 et 16h30La Passerelle, Saint-Just-Saint-Rambert \u00c9veil artistique\u00c0 partir de 1 an &#8211; Dur\u00e9e : 30 min Voyage au c\u0153ur des dessins d\u2019enfants, une belle aventure pour les tout-petits !Un petit trait, simple, commun, sans aucun attrait. Et si ce que nous consid\u00e9rons comme des gribouillages pouvait raconter une histoire&hellip; <a href=\"https:\/\/www.loireenscene.org\/index.php\/2021\/07\/13\/en-traits-meles\/\" class=\"more-link\">Lire la suite <span class=\"screen-reader-text\">En traits m\u00eal\u00e9s<\/span><\/a><\/p>\n","protected":false},"author":1,"featured_media":3176,"comment_status":"open","ping_status":"open","sticky":false,"template":"","format":"standard","meta":{"spay_email":"","footnotes":""},"categories":[17],"tags":[],"jetpack_featured_media_url":"https:\/\/www.loireenscene.org\/wp-content\/uploads\/2021\/07\/En-traits-meles-visuel-scaled.jpg","_links":{"self":[{"href":"https:\/\/www.loireenscene.org\/index.php\/wp-json\/wp\/v2\/posts\/2651"}],"collection":[{"href":"https:\/\/www.loireenscene.org\/index.php\/wp-json\/wp\/v2\/posts"}],"about":[{"href":"https:\/\/www.loireenscene.org\/index.php\/wp-json\/wp\/v2\/types\/post"}],"author":[{"embeddable":true,"href":"https:\/\/www.loireenscene.org\/index.php\/wp-json\/wp\/v2\/users\/1"}],"replies":[{"embeddable":true,"href":"https:\/\/www.loireenscene.org\/index.php\/wp-json\/wp\/v2\/comments?post=2651"}],"version-history":[{"count":3,"href":"https:\/\/www.loireenscene.org\/index.php\/wp-json\/wp\/v2\/posts\/2651\/revisions"}],"predecessor-version":[{"id":3177,"href":"https:\/\/www.loireenscene.org\/index.php\/wp-json\/wp\/v2\/posts\/2651\/revisions\/3177"}],"wp:featuredmedia":[{"embeddable":true,"href":"https:\/\/www.loireenscene.org\/index.php\/wp-json\/wp\/v2\/media\/3176"}],"wp:attachment":[{"href":"https:\/\/www.loireenscene.org\/index.php\/wp-json\/wp\/v2\/media?parent=2651"}],"wp:term":[{"taxonomy":"category","embeddable":true,"href":"https:\/\/www.loireenscene.org\/index.php\/wp-json\/wp\/v2\/categories?post=2651"},{"taxonomy":"post_tag","embeddable":true,"href":"https:\/\/www.loireenscene.org\/index.php\/wp-json\/wp\/v2\/tags?post=2651"}],"curies":[{"name":"wp","href":"https:\/\/api.w.org\/{rel}","templated":true}]}}