{"id":2690,"date":"2021-07-15T10:11:38","date_gmt":"2021-07-15T08:11:38","guid":{"rendered":"http:\/\/www.loireenscene.org\/?p=2690"},"modified":"2022-07-11T14:06:36","modified_gmt":"2022-07-11T12:06:36","slug":"la-nuit-labyrinthe","status":"publish","type":"post","link":"https:\/\/www.loireenscene.org\/index.php\/2021\/07\/15\/la-nuit-labyrinthe\/","title":{"rendered":"La Nuit Labyrinthe"},"content":{"rendered":"\n<h4 class=\"wp-block-heading\">La Seconde tigre<\/h4>\n\n\n\n<h3 class=\"has-text-align-right has-text-color wp-block-heading\" style=\"color:#16b4c0\"><span style=\"background-color:#ffffff\" class=\"tadv-background-color\"><span style=\"color:#16b4c0\" class=\"tadv-color\">Mercredi 1er f\u00e9vrier, 15h<\/span><\/span><br><span style=\"background-color:#ffffff\" class=\"tadv-background-color\"><span style=\"color:#16b4c0\" class=\"tadv-color\">Samedi 4 f\u00e9vrier, 17h<\/span><\/span><br><span style=\"background-color:#ffffff\" class=\"tadv-background-color\"><span style=\"color:#16b4c0\" class=\"tadv-color\">La Com\u00e8te, Saint-\u00c9tienne<\/span><\/span><\/h3>\n\n\n\n<p><strong><em>Th\u00e9\u00e2tre<br>\u00c0 partir de 8 ans<\/em><\/strong><em>&#8211; Dur\u00e9e : 1h00<\/em><\/p>\n\n\n\n<p>Qui n\u2019a jamais souhait\u00e9 se d\u00e9faire de ses cauchemars, en percer l\u2019origine afin de les faire dispara\u00eetre tout \u00e0 fait&nbsp;? Rien de bien compliqu\u00e9 si votre meilleur ami, Morph\u00e9e, est consid\u00e9r\u00e9 comme le plus grand sp\u00e9cialiste en la mati\u00e8re, lui qui a invent\u00e9 un moyen pour s\u2019infiltrer \u00e0 l\u2019int\u00e9rieur des r\u00eaves des enfants\u2026 Mais certains adorent se faire peur et tiennent parfois plus que tout \u00e0 leurs tourments. <em>La nuit Labyrinthe s<\/em>\u2019inspire de plusieurs ouvrages pour la jeunesse,&nbsp;dont le formidable <em>Max et les Maximonstres<\/em> ou encore la bande dessin\u00e9e <em>La Brigade des Cauchemars<\/em>. Trois com\u00e9dien.ne.s nous invitent \u00e0 partir \u00e0 la chasse aux monstres. Ombres furtives&nbsp;? Marionnettes mouvantes&nbsp;ou simple grimage&nbsp;? Il n\u2019est pas facile de les entrevoir\u2026 On peut faire confiance \u00e0 la metteuse en sc\u00e8ne, Pauline Laidet, dont les diff\u00e9rentes cr\u00e9ations accordent une place essentielle \u00e0 l\u2019\u00e9criture visuelle pour donner corps \u00e0 ces apparitions fantasmagoriques et inqui\u00e9tantes.<\/p>\n\n\n\n<p><em>Texte et mise en sc\u00e8ne : Pauline Laidet<\/em><br><em>Assistanat \u00e0 la mise en sc\u00e8ne :  de Elsa Verdon<\/em><br><em>Avec : Simon Pineau, distribution en cours<\/em><br><em>Sc\u00e9nographie : Quentin Lugnier<\/em><br><em>Lumi\u00e8res : Beno\u00eet Br\u00e9geault<\/em><br><em>Musique : Simon Pineau<\/em><br><em>Costumes : Aude D\u00e9signaux<\/em><\/p>\n\n\n\n<p>Production&nbsp;: La Com\u00e9die de Saint-Etienne, CDN <br>Avec le soutien du DIESE # Auvergne-Rh\u00f4ne-Alpes, dispositif d&rsquo;insertion de L&rsquo;\u00c9cole de la Com\u00e9die de Saint-\u00c9tienne<\/p>\n\n\n\n<p class=\"has-text-color\" style=\"color:#16b4c0\"><strong> Infos \/ R\u00e9servation \/ Billetterie :  04 77 25 14 14 ou <a rel=\"noreferrer noopener\" href=\"http:\/\/www.forumsirius.fr\/orion\/22081\/Ouverture_2021.html\" target=\"_blank\">www.lacomedie.fr<\/a><\/strong><\/p>\n\n\n\n<p>Tarifs : De 5,00\u20ac \u00e0 23,00\u20ac<\/p>\n","protected":false},"excerpt":{"rendered":"<p>La Seconde tigre Mercredi 1er f\u00e9vrier, 15hSamedi 4 f\u00e9vrier, 17hLa Com\u00e8te, Saint-\u00c9tienne Th\u00e9\u00e2tre\u00c0 partir de 8 ans&#8211; Dur\u00e9e : 1h00 Qui n\u2019a jamais souhait\u00e9 se d\u00e9faire de ses cauchemars, en percer l\u2019origine afin de les faire dispara\u00eetre tout \u00e0 fait&nbsp;? Rien de bien compliqu\u00e9 si votre meilleur ami, Morph\u00e9e, est consid\u00e9r\u00e9 comme le plus grand&hellip; <a href=\"https:\/\/www.loireenscene.org\/index.php\/2021\/07\/15\/la-nuit-labyrinthe\/\" class=\"more-link\">Lire la suite <span class=\"screen-reader-text\">La Nuit Labyrinthe<\/span><\/a><\/p>\n","protected":false},"author":1,"featured_media":2584,"comment_status":"open","ping_status":"open","sticky":false,"template":"","format":"standard","meta":{"spay_email":"","footnotes":""},"categories":[17],"tags":[],"jetpack_featured_media_url":"https:\/\/www.loireenscene.org\/wp-content\/uploads\/2021\/07\/La-Nuit-labyrinthe-Doriane-Vallon-scaled-e1626336674169.jpg","_links":{"self":[{"href":"https:\/\/www.loireenscene.org\/index.php\/wp-json\/wp\/v2\/posts\/2690"}],"collection":[{"href":"https:\/\/www.loireenscene.org\/index.php\/wp-json\/wp\/v2\/posts"}],"about":[{"href":"https:\/\/www.loireenscene.org\/index.php\/wp-json\/wp\/v2\/types\/post"}],"author":[{"embeddable":true,"href":"https:\/\/www.loireenscene.org\/index.php\/wp-json\/wp\/v2\/users\/1"}],"replies":[{"embeddable":true,"href":"https:\/\/www.loireenscene.org\/index.php\/wp-json\/wp\/v2\/comments?post=2690"}],"version-history":[{"count":2,"href":"https:\/\/www.loireenscene.org\/index.php\/wp-json\/wp\/v2\/posts\/2690\/revisions"}],"predecessor-version":[{"id":3174,"href":"https:\/\/www.loireenscene.org\/index.php\/wp-json\/wp\/v2\/posts\/2690\/revisions\/3174"}],"wp:featuredmedia":[{"embeddable":true,"href":"https:\/\/www.loireenscene.org\/index.php\/wp-json\/wp\/v2\/media\/2584"}],"wp:attachment":[{"href":"https:\/\/www.loireenscene.org\/index.php\/wp-json\/wp\/v2\/media?parent=2690"}],"wp:term":[{"taxonomy":"category","embeddable":true,"href":"https:\/\/www.loireenscene.org\/index.php\/wp-json\/wp\/v2\/categories?post=2690"},{"taxonomy":"post_tag","embeddable":true,"href":"https:\/\/www.loireenscene.org\/index.php\/wp-json\/wp\/v2\/tags?post=2690"}],"curies":[{"name":"wp","href":"https:\/\/api.w.org\/{rel}","templated":true}]}}