{"id":2825,"date":"2021-09-23T11:05:11","date_gmt":"2021-09-23T09:05:11","guid":{"rendered":"http:\/\/www.loireenscene.org\/?p=2825"},"modified":"2021-09-23T11:06:29","modified_gmt":"2021-09-23T09:06:29","slug":"bois-de-coeur-coeur-de-pierre-2","status":"publish","type":"post","link":"https:\/\/www.loireenscene.org\/index.php\/2021\/09\/23\/bois-de-coeur-coeur-de-pierre-2\/","title":{"rendered":"Bois de c\u0153ur, C\u0153ur de Pierre"},"content":{"rendered":"\n<h4 class=\"wp-block-heading\">Cie Graine de Malice<br>Cr\u00e9ation 2021<\/h4>\n\n\n\n<h3 class=\"has-text-align-right wp-block-heading\"><span style=\"background-color:#ffffff\" class=\"tadv-background-color\"><span style=\"color:#000000\" class=\"tadv-color\">Mer 13 avr &#8211; 16h<br>Th\u00e9\u00e2tre du Parc | Andr\u00e9zieux-Bouth\u00e9on<\/span><\/span><\/h3>\n\n\n\n<p><strong><em>Th\u00e9\u00e2tre<br>\u00c0 partir de 9 ans <\/em><\/strong><em>&#8211; Dur\u00e9e : 55 min<\/em><\/p>\n\n\n\n<p>Boid&rsquo;c\u0153ur, une poup\u00e9e de bois, s&rsquo;enfuit de la maison o\u00f9 elle ne conna\u00eet de la part de sa propri\u00e9taire que brimades, coups et placard-punition.<br>Voici qu&rsquo;\u00e0 son tour elle acquiert en guise de poup\u00e9e une \u00ab\u00a0petite fille 100 % vivante, faite de chair et de sang\u00a0\u00bb. N&rsquo;ayant connu que la violence comme mode de relation, la poup\u00e9e de bois ne sait &#8211; ne peut &#8211; que reproduire ce sch\u00e9ma sur cette enfant qui lui appartient d\u00e9sormais. \u00ab\u00a0Si ce sont des coups qu&rsquo;il m&rsquo;a fallu encaisser, c&rsquo;est que ce sont des coups qu&rsquo;il faut distribuer.\u00a0\u00bb<br>Fid\u00e8le \u00e0 la structure du conte, une suite d&rsquo;\u00e9v\u00e9nements et de rencontres permettra aux deux poup\u00e9es \u00ab\u00a0celle en bois, en bois tr\u00e8s dur, et celle de chair et de sang, de cheminer d\u00e9sormais sur le vrai chemin de la libert\u00e9, prenant soin l&rsquo;une de l&rsquo;autre, l\u00e9g\u00e8res et joyeuses.\u00a0\u00bb<\/p>\n\n\n\n<p><em>Texte : Marc Owitch<br>Mise en sc\u00e8ne : Philippe Zarch<br>Sc\u00e9nographie : Danielle Pasquier et Philippe Zarch<br>Jeu : Robbas Biassi-Biassi, Romane Karr, Tommy Luminet, Danielle Pasquier<br>Musiques : Dominique Lentin<br>Cr\u00e9ation lumi\u00e8re &amp; r\u00e9gie : Serge Lattanzi <\/em><\/p>\n\n\n\n<p><\/p>\n\n\n\n<p class=\"has-text-align-right has-black-color has-text-color has-normal-font-size\"> Infos\/R\u00e9servation\/Billetterie :  04 77 36 26 00 ou <a rel=\"noreferrer noopener\" href=\"https:\/\/theatreduparc.notre-billetterie.com\/formulaire?dial=sommaire\" target=\"_blank\">Th\u00e9\u00e2tre du Parc<\/a><\/p>\n","protected":false},"excerpt":{"rendered":"<p>Cie Graine de MaliceCr\u00e9ation 2021 Mer 13 avr &#8211; 16hTh\u00e9\u00e2tre du Parc | Andr\u00e9zieux-Bouth\u00e9on Th\u00e9\u00e2tre\u00c0 partir de 9 ans &#8211; Dur\u00e9e : 55 min Boid&rsquo;c\u0153ur, une poup\u00e9e de bois, s&rsquo;enfuit de la maison o\u00f9 elle ne conna\u00eet de la part de sa propri\u00e9taire que brimades, coups et placard-punition.Voici qu&rsquo;\u00e0 son tour elle acquiert en guise&hellip; <a href=\"https:\/\/www.loireenscene.org\/index.php\/2021\/09\/23\/bois-de-coeur-coeur-de-pierre-2\/\" class=\"more-link\">Lire la suite <span class=\"screen-reader-text\">Bois de c\u0153ur, C\u0153ur de Pierre<\/span><\/a><\/p>\n","protected":false},"author":1,"featured_media":2577,"comment_status":"open","ping_status":"open","sticky":false,"template":"","format":"standard","meta":{"spay_email":"","footnotes":""},"categories":[18],"tags":[],"jetpack_featured_media_url":"https:\/\/www.loireenscene.org\/wp-content\/uploads\/2021\/07\/Bois-de-coeur-2-cre\u0301dit-Cie-GRAINE-DE-MALICE-e1626188764118.jpg","_links":{"self":[{"href":"https:\/\/www.loireenscene.org\/index.php\/wp-json\/wp\/v2\/posts\/2825"}],"collection":[{"href":"https:\/\/www.loireenscene.org\/index.php\/wp-json\/wp\/v2\/posts"}],"about":[{"href":"https:\/\/www.loireenscene.org\/index.php\/wp-json\/wp\/v2\/types\/post"}],"author":[{"embeddable":true,"href":"https:\/\/www.loireenscene.org\/index.php\/wp-json\/wp\/v2\/users\/1"}],"replies":[{"embeddable":true,"href":"https:\/\/www.loireenscene.org\/index.php\/wp-json\/wp\/v2\/comments?post=2825"}],"version-history":[{"count":2,"href":"https:\/\/www.loireenscene.org\/index.php\/wp-json\/wp\/v2\/posts\/2825\/revisions"}],"predecessor-version":[{"id":2828,"href":"https:\/\/www.loireenscene.org\/index.php\/wp-json\/wp\/v2\/posts\/2825\/revisions\/2828"}],"wp:featuredmedia":[{"embeddable":true,"href":"https:\/\/www.loireenscene.org\/index.php\/wp-json\/wp\/v2\/media\/2577"}],"wp:attachment":[{"href":"https:\/\/www.loireenscene.org\/index.php\/wp-json\/wp\/v2\/media?parent=2825"}],"wp:term":[{"taxonomy":"category","embeddable":true,"href":"https:\/\/www.loireenscene.org\/index.php\/wp-json\/wp\/v2\/categories?post=2825"},{"taxonomy":"post_tag","embeddable":true,"href":"https:\/\/www.loireenscene.org\/index.php\/wp-json\/wp\/v2\/tags?post=2825"}],"curies":[{"name":"wp","href":"https:\/\/api.w.org\/{rel}","templated":true}]}}