{"id":2852,"date":"2021-09-23T15:58:58","date_gmt":"2021-09-23T13:58:58","guid":{"rendered":"http:\/\/www.loireenscene.org\/?p=2852"},"modified":"2021-09-23T15:58:58","modified_gmt":"2021-09-23T13:58:58","slug":"hermann-2","status":"publish","type":"post","link":"https:\/\/www.loireenscene.org\/index.php\/2021\/09\/23\/hermann-2\/","title":{"rendered":"Hermann"},"content":{"rendered":"\n<h4 class=\"wp-block-heading\">Cie Travelling Th\u00e9\u00e2tre \/ Th\u00e9\u00e2tre sur Paroles<br>Cr\u00e9ation 2021<\/h4>\n\n\n\n<h3 class=\"has-text-align-right wp-block-heading\">Mar 5 avr &#8211; 20h<br>Th\u00e9\u00e2tre de Roanne<\/h3>\n\n\n\n<p><em><strong>Th\u00e9\u00e2tre musique<br>\u00c0 partir de ? ans<\/strong> &#8211; Dur\u00e9e : 1h30<\/em><\/p>\n\n\n\n<p>L\u00e9a Paule, neurologue, surprend dans un couloir de l\u2019h\u00f4pital o\u00f9 elle exerce, la voix de Boris Hermann, un ancien patient soudain volatilis\u00e9&#8230; Le grain de cette voix la ram\u00e8ne aussit\u00f4t treize ans en arri\u00e8re, au myst\u00e8re de cet homme amn\u00e9sique, qui ne se rappelait alors que de quelques mots de russe et d\u2019un pr\u00e9nom f\u00e9minin : Olia, son amoureuse qu\u2019il recherchait d\u00e9j\u00e0 depuis des ann\u00e9es. <br>Comme dans un r\u00eave \u00e9veill\u00e9 le.la spectateur.rice est sans cesse ballot\u00e9.e entre pass\u00e9 et pr\u00e9sent, factuel et subjectif, v\u00e9rit\u00e9 et fiction dans un voyage qui l\u2019emporte loin, tr\u00e8s loin, dans les m\u00e9andres de la m\u00e9moire et de l\u2019amour. Jeu de piste doux-amer, hymne \u00e0 l\u2019amour fou, Hermann sera la cinqui\u00e8me collaboration entre le metteur en sc\u00e8ne Fran\u00e7ois Rancillac et l\u2019auteur Gilles Granouillet. <\/p>\n\n\n\n<p>Te<em>xte |&nbsp; Gilles Granouillet<br>Mise en sc\u00e8ne | Fran\u00e7ois Rancillac<br>Assistanat \u00e0 la mise en sc\u00e8ne&nbsp;| Christine Gu\u00eanon<br>Avec&nbsp;| Claudine Charreyre, Daniel Kenigsberg, Lenka Lupt\u00e1kov\u00e1 et Cl\u00e9ment Proust<br>Dramaturgie&nbsp;| Gilles Granouillet<br>Sc\u00e9nographie | Raymond Sarti<br>Costumes&nbsp;| Sabine Siegwalt<br>Cr\u00e9ation lumi\u00e8re&nbsp;| Guillaume Tesson<br>Cr\u00e9ation son&nbsp;| S\u00e9bastien Quencez<\/em><\/p>\n\n\n\n<p>Production | Th\u00e9\u00e2tre sur paroles, cie conventionn\u00e9e par la Drac \u00cele-de-France &amp; Travelling Th\u00e9\u00e2tre, cie conventionn\u00e9e par la R\u00e9gion Auvergne-Rh\u00f4ne-Alpes, le D\u00e9partement de la Loire et la Ville de Saint-\u00c9tienne<br>Coproductions | La Maison des Arts du L\u00e9man \u2013 Sc\u00e8ne nationale de Thonon-Evian ; Th\u00e9\u00e2tre des 2 Rives \u2013 Charenton-le-Pont ; Espace culturel Albert Camus du Chambon-Feugerolles ; Th\u00e9\u00e2tre Victor Hugo de Bagneux ; Dieppe Sc\u00e8ne Nationale ; Th\u00e9\u00e2tre d\u2019Aurillac : La Com\u00e9die de Saint-Etienne &#8211; CDN<br>Avec l\u2019aide du Th\u00e9\u00e2tre de l\u2019Echangeur-cie Public Ch\u00e9ri <\/p>\n\n\n\n<p class=\"has-text-align-right\">Info\/R\u00e9servation\/Billetterie | 04 77 71 05 68 <\/p>\n","protected":false},"excerpt":{"rendered":"<p>Cie Travelling Th\u00e9\u00e2tre \/ Th\u00e9\u00e2tre sur ParolesCr\u00e9ation 2021 Mar 5 avr &#8211; 20hTh\u00e9\u00e2tre de Roanne Th\u00e9\u00e2tre musique\u00c0 partir de ? ans &#8211; Dur\u00e9e : 1h30 L\u00e9a Paule, neurologue, surprend dans un couloir de l\u2019h\u00f4pital o\u00f9 elle exerce, la voix de Boris Hermann, un ancien patient soudain volatilis\u00e9&#8230; Le grain de cette voix la ram\u00e8ne aussit\u00f4t&hellip; <a href=\"https:\/\/www.loireenscene.org\/index.php\/2021\/09\/23\/hermann-2\/\" class=\"more-link\">Lire la suite <span class=\"screen-reader-text\">Hermann<\/span><\/a><\/p>\n","protected":false},"author":1,"featured_media":2326,"comment_status":"open","ping_status":"open","sticky":false,"template":"","format":"standard","meta":{"spay_email":"","footnotes":""},"categories":[18],"tags":[],"jetpack_featured_media_url":"https:\/\/www.loireenscene.org\/wp-content\/uploads\/2020\/11\/1.Hermann\u00a9jeremielevy.jpg","_links":{"self":[{"href":"https:\/\/www.loireenscene.org\/index.php\/wp-json\/wp\/v2\/posts\/2852"}],"collection":[{"href":"https:\/\/www.loireenscene.org\/index.php\/wp-json\/wp\/v2\/posts"}],"about":[{"href":"https:\/\/www.loireenscene.org\/index.php\/wp-json\/wp\/v2\/types\/post"}],"author":[{"embeddable":true,"href":"https:\/\/www.loireenscene.org\/index.php\/wp-json\/wp\/v2\/users\/1"}],"replies":[{"embeddable":true,"href":"https:\/\/www.loireenscene.org\/index.php\/wp-json\/wp\/v2\/comments?post=2852"}],"version-history":[{"count":1,"href":"https:\/\/www.loireenscene.org\/index.php\/wp-json\/wp\/v2\/posts\/2852\/revisions"}],"predecessor-version":[{"id":2853,"href":"https:\/\/www.loireenscene.org\/index.php\/wp-json\/wp\/v2\/posts\/2852\/revisions\/2853"}],"wp:featuredmedia":[{"embeddable":true,"href":"https:\/\/www.loireenscene.org\/index.php\/wp-json\/wp\/v2\/media\/2326"}],"wp:attachment":[{"href":"https:\/\/www.loireenscene.org\/index.php\/wp-json\/wp\/v2\/media?parent=2852"}],"wp:term":[{"taxonomy":"category","embeddable":true,"href":"https:\/\/www.loireenscene.org\/index.php\/wp-json\/wp\/v2\/categories?post=2852"},{"taxonomy":"post_tag","embeddable":true,"href":"https:\/\/www.loireenscene.org\/index.php\/wp-json\/wp\/v2\/tags?post=2852"}],"curies":[{"name":"wp","href":"https:\/\/api.w.org\/{rel}","templated":true}]}}