{"id":2854,"date":"2021-09-23T16:06:15","date_gmt":"2021-09-23T14:06:15","guid":{"rendered":"http:\/\/www.loireenscene.org\/?p=2854"},"modified":"2021-11-16T11:11:46","modified_gmt":"2021-11-16T10:11:46","slug":"tout-conte-fait","status":"publish","type":"post","link":"https:\/\/www.loireenscene.org\/index.php\/2021\/09\/23\/tout-conte-fait\/","title":{"rendered":"Tout conte fait"},"content":{"rendered":"\n<h4 class=\"wp-block-heading\">Cie Poudre d&rsquo;Esperluette<br>Cr\u00e9ation 2021<\/h4>\n\n\n\n<h3 class=\"has-text-align-right wp-block-heading\">Jeu 18 et Ven 19 nov &#8211; 20h<br>Espace Pinatel | Saint-Genest-Lerpt<\/h3>\n\n\n\n<p><em><strong>Th\u00e9\u00e2tre d&rsquo;ombres, conte, marionettes et musique<br>\u00c0 partir de 6 ans<\/strong> &#8211; Dur\u00e9e : 50 min<\/em><\/p>\n\n\n\n<p>Albert et B\u00e9atrice, sp\u00e9cialistes de l\u2019imaginaire et des contes vous d\u00e9voilent un dispositif de toute derni\u00e8re<br>technologie : le Imagine 2000 ; porte g\u00e9ante vers votre imaginaire. Vous l\u2019imaginez et le Imagine 2000 le<br>cr\u00e9e pour vous.<br>Une exp\u00e9rience unique qui vous plongera au plus profond de votre monde int\u00e9rieur.<br>Laissez-vous aller, l\u2019exp\u00e9rience est sous contr\u00f4le, nos deux sp\u00e9cialistes ma\u00eetrisent la situation\u2026 enfin<br>presque !<\/p>\n\n\n\n<p> <\/p>\n\n\n\n<p><em>De et par | Vincent Sachello et Karine Michel.<\/em><br><em>Aide \u00e0 l\u2019\u00e9criture et collecte de contes | Delphine Thouilleux.<br>Mise en sc\u00e8ne | Laurence Ballandraux.<br>Sc\u00e9nographie, cr\u00e9ation graphique | Vincent Sachello<br>Cr\u00e9ation sonore, technique | Jacques Tribuiani<\/em><\/p>\n\n\n\n<p><\/p>\n\n\n\n<p class=\"has-text-align-right\">Info\/R\u00e9servation\/Billetterie | 04 77 50 51 80 <\/p>\n","protected":false},"excerpt":{"rendered":"<p>Cie Poudre d&rsquo;EsperluetteCr\u00e9ation 2021 Jeu 18 et Ven 19 nov &#8211; 20hEspace Pinatel | Saint-Genest-Lerpt Th\u00e9\u00e2tre d&rsquo;ombres, conte, marionettes et musique\u00c0 partir de 6 ans &#8211; Dur\u00e9e : 50 min Albert et B\u00e9atrice, sp\u00e9cialistes de l\u2019imaginaire et des contes vous d\u00e9voilent un dispositif de toute derni\u00e8retechnologie : le Imagine 2000 ; porte g\u00e9ante vers votre&hellip; <a href=\"https:\/\/www.loireenscene.org\/index.php\/2021\/09\/23\/tout-conte-fait\/\" class=\"more-link\">Lire la suite <span class=\"screen-reader-text\">Tout conte fait<\/span><\/a><\/p>\n","protected":false},"author":1,"featured_media":0,"comment_status":"open","ping_status":"open","sticky":false,"template":"","format":"standard","meta":{"spay_email":"","footnotes":""},"categories":[18],"tags":[],"jetpack_featured_media_url":"","_links":{"self":[{"href":"https:\/\/www.loireenscene.org\/index.php\/wp-json\/wp\/v2\/posts\/2854"}],"collection":[{"href":"https:\/\/www.loireenscene.org\/index.php\/wp-json\/wp\/v2\/posts"}],"about":[{"href":"https:\/\/www.loireenscene.org\/index.php\/wp-json\/wp\/v2\/types\/post"}],"author":[{"embeddable":true,"href":"https:\/\/www.loireenscene.org\/index.php\/wp-json\/wp\/v2\/users\/1"}],"replies":[{"embeddable":true,"href":"https:\/\/www.loireenscene.org\/index.php\/wp-json\/wp\/v2\/comments?post=2854"}],"version-history":[{"count":2,"href":"https:\/\/www.loireenscene.org\/index.php\/wp-json\/wp\/v2\/posts\/2854\/revisions"}],"predecessor-version":[{"id":3072,"href":"https:\/\/www.loireenscene.org\/index.php\/wp-json\/wp\/v2\/posts\/2854\/revisions\/3072"}],"wp:attachment":[{"href":"https:\/\/www.loireenscene.org\/index.php\/wp-json\/wp\/v2\/media?parent=2854"}],"wp:term":[{"taxonomy":"category","embeddable":true,"href":"https:\/\/www.loireenscene.org\/index.php\/wp-json\/wp\/v2\/categories?post=2854"},{"taxonomy":"post_tag","embeddable":true,"href":"https:\/\/www.loireenscene.org\/index.php\/wp-json\/wp\/v2\/tags?post=2854"}],"curies":[{"name":"wp","href":"https:\/\/api.w.org\/{rel}","templated":true}]}}