{"id":2856,"date":"2021-09-23T16:15:30","date_gmt":"2021-09-23T14:15:30","guid":{"rendered":"http:\/\/www.loireenscene.org\/?p=2856"},"modified":"2021-09-23T16:15:30","modified_gmt":"2021-09-23T14:15:30","slug":"autre","status":"publish","type":"post","link":"https:\/\/www.loireenscene.org\/index.php\/2021\/09\/23\/autre\/","title":{"rendered":"Autre"},"content":{"rendered":"\n<h4 class=\"wp-block-heading\">Cie Dynamo<br>Cr\u00e9ation 2021<\/h4>\n\n\n\n<h3 class=\"has-text-align-right wp-block-heading\">Jeu 25 nov &#8211; 18h30<br>Th\u00e9\u00e2tre de Roanne | Hors les murs<\/h3>\n\n\n\n<p><em><strong>Danse, th\u00e9\u00e2tre<br>\u00c0 partir de 11 ans<\/strong> &#8211; Dur\u00e9e : 1h10 <\/em><\/p>\n\n\n\n<p><strong><em>Autre <\/em>est une confidence, le t\u00e9moignage qu\u2019\u00eatre soi ne correspond pas toujours \u00e0 une case.<\/strong><br>Pour \u00e9voquer le parcours de vie d\u2019une danseuse, trois interpr\u00e8tes sur sc\u00e8ne : la danseuse accompagn\u00e9e d\u2019une chanteuse et d\u2019un musicien. Ils sont tous les trois, au plus pr\u00e8s des spectateurs avec un dispositif sc\u00e9nique intime et circulaire qui invite au partage des gestes et des mots.<\/p>\n\n\n\n<p> <\/p>\n\n\n\n<p><em>De et avec | Virginie Barjonnet<br>Mise en sc\u00e8ne | Estelle Olivier<br>Cr\u00e9ation et interpr\u00e9tation musicale\u2009| Boris Trouplin, Laurence Moletta<br>Sc\u00e9nographie et Lumi\u00e8re | Florent Oliva<br>D\u00e9cors | La Fabrique \u00e0 Projets<br>Costumes | Ma\u00eft\u00e9 Chantrel<\/em><br><em>Production et diffusion | Delphine Teypaz<\/em><br><em>Communication | Yohann Subrin<\/em><\/p>\n\n\n\n<p>Production : Cie Dynamo. <br>Partenariat : Lyc\u00e9e professionnel \u00c9tienne Legrand \u2013 Le Coteau (42). <br>Aides et soutiens : Labo, P\u00f4le de cr\u00e9ation artistique, Roanne, Ferme de Neulise \u2013 COPLER, Th\u00e9\u00e2tre de Roanne, R\u00e9gion Auvergne-Rh\u00f4ne- Alpes, SPEDIDAM (en cours), ADAMI (en cours). <br>La compagnie est conventionn\u00e9e par la Ville de Roanne et le D\u00e9partement de La Loire.<\/p>\n\n\n\n<p class=\"has-text-align-right\">Info\/R\u00e9servation\/Billetterie | 04 77 71 05 68 <\/p>\n","protected":false},"excerpt":{"rendered":"<p>Cie DynamoCr\u00e9ation 2021 Jeu 25 nov &#8211; 18h30Th\u00e9\u00e2tre de Roanne | Hors les murs Danse, th\u00e9\u00e2tre\u00c0 partir de 11 ans &#8211; Dur\u00e9e : 1h10 Autre est une confidence, le t\u00e9moignage qu\u2019\u00eatre soi ne correspond pas toujours \u00e0 une case.Pour \u00e9voquer le parcours de vie d\u2019une danseuse, trois interpr\u00e8tes sur sc\u00e8ne : la danseuse accompagn\u00e9e d\u2019une&hellip; <a href=\"https:\/\/www.loireenscene.org\/index.php\/2021\/09\/23\/autre\/\" class=\"more-link\">Lire la suite <span class=\"screen-reader-text\">Autre<\/span><\/a><\/p>\n","protected":false},"author":1,"featured_media":2857,"comment_status":"open","ping_status":"open","sticky":false,"template":"","format":"standard","meta":{"spay_email":"","footnotes":""},"categories":[18],"tags":[],"jetpack_featured_media_url":"https:\/\/www.loireenscene.org\/wp-content\/uploads\/2021\/09\/Autre\u00a9GaranceLi1_NTE.jpg","_links":{"self":[{"href":"https:\/\/www.loireenscene.org\/index.php\/wp-json\/wp\/v2\/posts\/2856"}],"collection":[{"href":"https:\/\/www.loireenscene.org\/index.php\/wp-json\/wp\/v2\/posts"}],"about":[{"href":"https:\/\/www.loireenscene.org\/index.php\/wp-json\/wp\/v2\/types\/post"}],"author":[{"embeddable":true,"href":"https:\/\/www.loireenscene.org\/index.php\/wp-json\/wp\/v2\/users\/1"}],"replies":[{"embeddable":true,"href":"https:\/\/www.loireenscene.org\/index.php\/wp-json\/wp\/v2\/comments?post=2856"}],"version-history":[{"count":1,"href":"https:\/\/www.loireenscene.org\/index.php\/wp-json\/wp\/v2\/posts\/2856\/revisions"}],"predecessor-version":[{"id":2858,"href":"https:\/\/www.loireenscene.org\/index.php\/wp-json\/wp\/v2\/posts\/2856\/revisions\/2858"}],"wp:featuredmedia":[{"embeddable":true,"href":"https:\/\/www.loireenscene.org\/index.php\/wp-json\/wp\/v2\/media\/2857"}],"wp:attachment":[{"href":"https:\/\/www.loireenscene.org\/index.php\/wp-json\/wp\/v2\/media?parent=2856"}],"wp:term":[{"taxonomy":"category","embeddable":true,"href":"https:\/\/www.loireenscene.org\/index.php\/wp-json\/wp\/v2\/categories?post=2856"},{"taxonomy":"post_tag","embeddable":true,"href":"https:\/\/www.loireenscene.org\/index.php\/wp-json\/wp\/v2\/tags?post=2856"}],"curies":[{"name":"wp","href":"https:\/\/api.w.org\/{rel}","templated":true}]}}