{"id":2859,"date":"2021-09-23T16:20:07","date_gmt":"2021-09-23T14:20:07","guid":{"rendered":"http:\/\/www.loireenscene.org\/?p=2859"},"modified":"2021-09-23T16:20:07","modified_gmt":"2021-09-23T14:20:07","slug":"les-mains-de-largentiere","status":"publish","type":"post","link":"https:\/\/www.loireenscene.org\/index.php\/2021\/09\/23\/les-mains-de-largentiere\/","title":{"rendered":"Les mains de l&rsquo;argenti\u00e8re"},"content":{"rendered":"\n<h4 class=\"wp-block-heading\">Cie Djalma Primordial Science<br>Cr\u00e9ation 2021<\/h4>\n\n\n\n<h3 class=\"has-text-align-right wp-block-heading\">Jeu 25 et Ven 26 nov &#8211; 20h<br>Chok Th\u00e9\u00e2tre | Saint-Etienne<\/h3>\n\n\n\n<p><em><strong>Performance dans\u00e9e<br>\u00c0 partir de 15 ans<\/strong> &#8211; Dur\u00e9e : 1h10 <\/em><\/p>\n\n\n\n<p>Les Mains de L&rsquo;Argenti\u00e8re\u00a0d\u00e9coule d&rsquo;une volont\u00e9 documentaire et po\u00e9tique de partager des portraits de patients sortant de longues p\u00e9riodes de coma. Une danseuse et un accord\u00e9oniste, dans une rare proximit\u00e9, incarnent ces pr\u00e9sences liminales aux temporalit\u00e9s \u00e9tir\u00e9es, presque inconnues.\u00a0Entre \u00e9mergences inou\u00efes et nouveaux d\u00e9parts, ces micros-\u00e9v\u00e9nements, cataclysmes d&rsquo;\u00e9veil, racontent l&rsquo;humain.Ce projet fait suite \u00e0 une r\u00e9sidence artistique dans le service neurologie du Centre M\u00e9dical de l&rsquo;Argenti\u00e8re<\/p>\n\n\n\n<p> <\/p>\n\n\n\n<p><em>Mise en sc\u00e8ne &amp; danse | Ephia Gburek<br>Accord\u00e9on et jeu | Vincent Valente<br>Collaboration \u00e0 la mise en sc\u00e8ne &amp; sc\u00e9nographie | St\u00e9phane Raveyre<br>Vid\u00e9o &amp; phonographie | C\u00e9line Pierre<br>Cr\u00e9ation lumi\u00e8re | S\u00e9bastien Combes<\/em><\/p>\n\n\n\n<p>Coproduction : Chok Th\u00e9\u00e2tre<br><em>Les Mains de L&rsquo;Argenti\u00e8re<\/em> est soutenue par la\u00a0Ville de Saint-\u00c9tienne et le D\u00e9partement de la\u00a0Loire, La Chambre D&rsquo;Eau, Le 232U et\u00a0La Filature du Pont\u00a0de\u00a0Fer.<\/p>\n\n\n\n<p class=\"has-text-align-right\">Info\/R\u00e9servation\/Billetterie | 04 77 25 39 32<\/p>\n","protected":false},"excerpt":{"rendered":"<p>Cie Djalma Primordial ScienceCr\u00e9ation 2021 Jeu 25 et Ven 26 nov &#8211; 20hChok Th\u00e9\u00e2tre | Saint-Etienne Performance dans\u00e9e\u00c0 partir de 15 ans &#8211; Dur\u00e9e : 1h10 Les Mains de L&rsquo;Argenti\u00e8re\u00a0d\u00e9coule d&rsquo;une volont\u00e9 documentaire et po\u00e9tique de partager des portraits de patients sortant de longues p\u00e9riodes de coma. Une danseuse et un accord\u00e9oniste, dans une rare&hellip; <a href=\"https:\/\/www.loireenscene.org\/index.php\/2021\/09\/23\/les-mains-de-largentiere\/\" class=\"more-link\">Lire la suite <span class=\"screen-reader-text\">Les mains de l&rsquo;argenti\u00e8re<\/span><\/a><\/p>\n","protected":false},"author":1,"featured_media":2860,"comment_status":"open","ping_status":"open","sticky":false,"template":"","format":"standard","meta":{"spay_email":"","footnotes":""},"categories":[18],"tags":[],"jetpack_featured_media_url":"https:\/\/www.loireenscene.org\/wp-content\/uploads\/2021\/09\/LMDLA-Visuel-oeil-HR-\u00a9DR.jpg","_links":{"self":[{"href":"https:\/\/www.loireenscene.org\/index.php\/wp-json\/wp\/v2\/posts\/2859"}],"collection":[{"href":"https:\/\/www.loireenscene.org\/index.php\/wp-json\/wp\/v2\/posts"}],"about":[{"href":"https:\/\/www.loireenscene.org\/index.php\/wp-json\/wp\/v2\/types\/post"}],"author":[{"embeddable":true,"href":"https:\/\/www.loireenscene.org\/index.php\/wp-json\/wp\/v2\/users\/1"}],"replies":[{"embeddable":true,"href":"https:\/\/www.loireenscene.org\/index.php\/wp-json\/wp\/v2\/comments?post=2859"}],"version-history":[{"count":2,"href":"https:\/\/www.loireenscene.org\/index.php\/wp-json\/wp\/v2\/posts\/2859\/revisions"}],"predecessor-version":[{"id":2862,"href":"https:\/\/www.loireenscene.org\/index.php\/wp-json\/wp\/v2\/posts\/2859\/revisions\/2862"}],"wp:featuredmedia":[{"embeddable":true,"href":"https:\/\/www.loireenscene.org\/index.php\/wp-json\/wp\/v2\/media\/2860"}],"wp:attachment":[{"href":"https:\/\/www.loireenscene.org\/index.php\/wp-json\/wp\/v2\/media?parent=2859"}],"wp:term":[{"taxonomy":"category","embeddable":true,"href":"https:\/\/www.loireenscene.org\/index.php\/wp-json\/wp\/v2\/categories?post=2859"},{"taxonomy":"post_tag","embeddable":true,"href":"https:\/\/www.loireenscene.org\/index.php\/wp-json\/wp\/v2\/tags?post=2859"}],"curies":[{"name":"wp","href":"https:\/\/api.w.org\/{rel}","templated":true}]}}