{"id":2881,"date":"2021-09-23T16:57:47","date_gmt":"2021-09-23T14:57:47","guid":{"rendered":"http:\/\/www.loireenscene.org\/?p=2881"},"modified":"2021-09-23T16:57:47","modified_gmt":"2021-09-23T14:57:47","slug":"derriere-les-fronts","status":"publish","type":"post","link":"https:\/\/www.loireenscene.org\/index.php\/2021\/09\/23\/derriere-les-fronts\/","title":{"rendered":"Derri\u00e8re les fronts"},"content":{"rendered":"\n<h4 class=\"wp-block-heading\">Cie De l&rsquo;\u00c2me \u00e0 la Vague<br>Cr\u00e9ation 2021<\/h4>\n\n\n\n<h3 class=\"has-text-align-right wp-block-heading\">Jeu 2 et Ven 3 d\u00e9c &#8211; 20h<br>Centre culturel de La Ricamarie<\/h3>\n\n\n\n<p><em><strong>Th\u00e9\u00e2tre <br>\u00c0 partir de <\/strong><\/em><strong><em>15<\/em><\/strong> <em><strong>ans<\/strong> &#8211; Dur\u00e9e : 1h30<\/em><\/p>\n\n\n\n<p>\u00ab\u202fDerri\u00e8re les fronts\u202f\u00bb explore la souffrance intime et la d\u00e9pression collective d\u2019un peuple soumis \u00e0 l\u2019occupation. Au travers des chroniques de la psychiatre palestinienne Samah Jabr, nous d\u00e9couvrons comment l\u2019occupation d\u2019un peuple est aussi celle de la pers\u00e9cution des esprits.&nbsp;Le docteur Samah Jabr est une femme psychiatre palestinienne. Depuis des d\u00e9cennies elle pense les effets subtils et d\u00e9vastateurs de plusieurs ann\u00e9es d\u2019occupation brutale sur le peuple palestinien. La force du t\u00e9moignage vivant r\u00e9active la puissance d\u2019images de l\u2019occupation isra\u00e9lienne qui, \u00e0 force d\u2019\u00eatre r\u00e9p\u00e9t\u00e9es, avaient fini par devenir des clich\u00e9s.&nbsp; Ce sont ses chroniques qui sont ici mises en sc\u00e8ne par Gr\u00e9gory Bonnefont. Parce que la colonisation au quotidien n\u2019est pas seulement celle des terres, du ciel, des logements et de l\u2019eau, elle est aussi, en superposition des armes, l\u2019occupation des esprits et de l\u2019espace mental. Nous sommes dans l\u2019intime, dans l\u2019estime de soi o\u00f9 le moral et l\u2019\u00e2me deviennent des enjeux de lutte et de r\u00e9sistance. Prendre la parole, t\u00e9moigner des tortures, des humiliations, des s\u00e9quelles pour briser le cercle vicieux de la domination. C\u2019est le souffle de la r\u00e9silience palestinienne que nul ne peut mettre en cage. Sans pr\u00e9tendre \u00e0 l\u2019\u00e9quilibre, \u00ab\u202fDerri\u00e8re les fronts\u202f\u00bb est un t\u00e9moignage pr\u00e9cis, lumineux, po\u00e9tique qui permet d\u2019envisager la situation en Palestine avec une subtilit\u00e9 accrue.<\/p>\n\n\n\n<p><\/p>\n\n\n\n<p><em>Texte | Gr\u00e9gory Bonnefont d\u2019apr\u00e8s \u00ab<\/em>\u202f<em>Derri\u00e8re les fronts<\/em>\u202f<em>\u00bb du Dr Samah Jabr et \u00ab<\/em>\u202f<em>Gaza d\u2019ici-l\u00e0<\/em>\u202f<em>\u00bb de Franck Smith<\/em><br><em>Mise en sc\u00e8ne | Gr\u00e9gory Bonnefont<\/em><br><em>Chor\u00e9graphe | Christophe Gellon<\/em><br><em>Dramaturge | Astrid Chabrat-Kadjan<\/em><br><em>Avec | Jessy Khalil, Nassim Gacem, Oussama El Yousfi Lemghari, Filipa Correia Lescuyer, Sabrine Ben Njima, Christophe GellonSc\u00e9nographie : Maud Chanel<\/em><br><em>Lumi\u00e8res | Guillaume Merten<\/em><br><em>Collaboration vid\u00e9o | Olivier Bignon<\/em><br><em>Conception sonore | Thomas MIllot<\/em><\/p>\n\n\n\n<p><\/p>\n\n\n\n<p>Coproductions : Centre Culturel de La Ricamarie, ville de Montataire. B\u00e9n\u00e9ficiaire du plan de relance.<\/p>\n\n\n\n<p><\/p>\n\n\n\n<p class=\"has-text-align-right\">Info\/R\u00e9servation\/Billetterie | 04 77 80 30 59<\/p>\n","protected":false},"excerpt":{"rendered":"<p>Cie De l&rsquo;\u00c2me \u00e0 la VagueCr\u00e9ation 2021 Jeu 2 et Ven 3 d\u00e9c &#8211; 20hCentre culturel de La Ricamarie Th\u00e9\u00e2tre \u00c0 partir de 15 ans &#8211; Dur\u00e9e : 1h30 \u00ab\u202fDerri\u00e8re les fronts\u202f\u00bb explore la souffrance intime et la d\u00e9pression collective d\u2019un peuple soumis \u00e0 l\u2019occupation. Au travers des chroniques de la psychiatre palestinienne Samah Jabr,&hellip; <a href=\"https:\/\/www.loireenscene.org\/index.php\/2021\/09\/23\/derriere-les-fronts\/\" class=\"more-link\">Lire la suite <span class=\"screen-reader-text\">Derri\u00e8re les fronts<\/span><\/a><\/p>\n","protected":false},"author":1,"featured_media":2882,"comment_status":"open","ping_status":"open","sticky":false,"template":"","format":"standard","meta":{"spay_email":"","footnotes":""},"categories":[18],"tags":[],"jetpack_featured_media_url":"https:\/\/www.loireenscene.org\/wp-content\/uploads\/2021\/09\/Jessy-Khalil-\u00a9-Niko-Rodamel-2.jpg","_links":{"self":[{"href":"https:\/\/www.loireenscene.org\/index.php\/wp-json\/wp\/v2\/posts\/2881"}],"collection":[{"href":"https:\/\/www.loireenscene.org\/index.php\/wp-json\/wp\/v2\/posts"}],"about":[{"href":"https:\/\/www.loireenscene.org\/index.php\/wp-json\/wp\/v2\/types\/post"}],"author":[{"embeddable":true,"href":"https:\/\/www.loireenscene.org\/index.php\/wp-json\/wp\/v2\/users\/1"}],"replies":[{"embeddable":true,"href":"https:\/\/www.loireenscene.org\/index.php\/wp-json\/wp\/v2\/comments?post=2881"}],"version-history":[{"count":1,"href":"https:\/\/www.loireenscene.org\/index.php\/wp-json\/wp\/v2\/posts\/2881\/revisions"}],"predecessor-version":[{"id":2883,"href":"https:\/\/www.loireenscene.org\/index.php\/wp-json\/wp\/v2\/posts\/2881\/revisions\/2883"}],"wp:featuredmedia":[{"embeddable":true,"href":"https:\/\/www.loireenscene.org\/index.php\/wp-json\/wp\/v2\/media\/2882"}],"wp:attachment":[{"href":"https:\/\/www.loireenscene.org\/index.php\/wp-json\/wp\/v2\/media?parent=2881"}],"wp:term":[{"taxonomy":"category","embeddable":true,"href":"https:\/\/www.loireenscene.org\/index.php\/wp-json\/wp\/v2\/categories?post=2881"},{"taxonomy":"post_tag","embeddable":true,"href":"https:\/\/www.loireenscene.org\/index.php\/wp-json\/wp\/v2\/tags?post=2881"}],"curies":[{"name":"wp","href":"https:\/\/api.w.org\/{rel}","templated":true}]}}