{"id":2887,"date":"2021-09-23T17:09:24","date_gmt":"2021-09-23T15:09:24","guid":{"rendered":"http:\/\/www.loireenscene.org\/?p=2887"},"modified":"2021-09-23T17:09:24","modified_gmt":"2021-09-23T15:09:24","slug":"les-presidentes","status":"publish","type":"post","link":"https:\/\/www.loireenscene.org\/index.php\/2021\/09\/23\/les-presidentes\/","title":{"rendered":"Les Pr\u00e9sidentes"},"content":{"rendered":"\n<h4 class=\"wp-block-heading\">Th\u00e9\u00e2tre de l&rsquo;Incendie<br>Cr\u00e9ation 2021<\/h4>\n\n\n\n<h3 class=\"has-text-align-right wp-block-heading\">Du Mar 14 au Ven 17 d\u00e9c &#8211; 20h<br>Centre culturel de La Ricamarie<br>Co-accueilli avec La Com\u00e9die de Saint-Etienne<\/h3>\n\n\n\n<p><em><strong>Th\u00e9\u00e2tre <br>\u00c0 partir de <\/strong><\/em><strong><em>14<\/em><\/strong> <em><strong>ans<\/strong> &#8211; Dur\u00e9e : 1h25<\/em><\/p>\n\n\n\n<p>Nous voici invit\u00e9.e.s \u00e0 un \u00e9trange banquet, dans une arri\u00e8re cuisine de la petite bourgeoisie autrichienne. C\u2019est le soir de No\u00ebl et, alors que la messe est retransmise \u00e0 la t\u00e9l\u00e9vision, Erna, Grete et Marie dissertent. Ces trois bonnes femmes p\u00e9tries de frustrations, rong\u00e9es de passions bizarres sont pr\u00eates \u00e0 tout pour oublier un quotidien insupportable.\u00a0 Enivr\u00e9es de r\u00eaves, de grandes paroles, et de beaucoup d\u2019alcool, elles nous embarquent dans un terrible psychodrame aussi hilarant qu\u2019effrayant. Pour incarner ces furies, et la langue somptueuse de Schwab, Laurent Fr\u00e9churet r\u00e9unit un trio de com\u00e9diennes exceptionnel.<\/p>\n\n\n\n<p><\/p>\n\n\n\n<p><em>Texte de | Werner Schwab<br>Mise en sc\u00e8ne | Laurent Fr\u00e9churet<br>Assistante \u00e0 la mise en sc\u00e8ne\u00a0| C\u00e9cile Chatignoux<br>Avec | Mireille Herbstmeyer, Flore Lefebvre Des No\u00ebttes, Laurence Vielle<br>Sc\u00e9nographie\u00a0| St\u00e9phanie Mathieu<br>Peintre\u00a0| Marie-Ange Le Saint<br>Construction | Jean-Yves Cachet<br>Lumi\u00e8re\u00a0| Julie Lola Lanteri<br>Maquillage coiffure\u00a0| Fran\u00e7oise Chaumayrac<br>R\u00e9gie g\u00e9n\u00e9rale | S\u00e9bastien Combes<br>Collaboration costumes\u00a0| Colombe Lauriot Pr\u00e9vost<br>Maquillages effets sp\u00e9ciaux\u00a0| Atelier 69 CLSFX<br>Collaboration son | Patrick Jammes<br>Directeur de production\u00a0| Slimane Mouhoub<\/em><\/p>\n\n\n\n<p><\/p>\n\n\n\n<p>Coproductions : Centre Culturel de La Ricamarie, Sc\u00e8ne Nationale de St Nazaire. B\u00e9n\u00e9ficiaire du plan de relance.<\/p>\n\n\n\n<p><\/p>\n\n\n\n<p class=\"has-text-align-right\">Info\/R\u00e9servation\/Billetterie | 04 77 80 30 59<\/p>\n","protected":false},"excerpt":{"rendered":"<p>Th\u00e9\u00e2tre de l&rsquo;IncendieCr\u00e9ation 2021 Du Mar 14 au Ven 17 d\u00e9c &#8211; 20hCentre culturel de La RicamarieCo-accueilli avec La Com\u00e9die de Saint-Etienne Th\u00e9\u00e2tre \u00c0 partir de 14 ans &#8211; Dur\u00e9e : 1h25 Nous voici invit\u00e9.e.s \u00e0 un \u00e9trange banquet, dans une arri\u00e8re cuisine de la petite bourgeoisie autrichienne. C\u2019est le soir de No\u00ebl et, alors&hellip; <a href=\"https:\/\/www.loireenscene.org\/index.php\/2021\/09\/23\/les-presidentes\/\" class=\"more-link\">Lire la suite <span class=\"screen-reader-text\">Les Pr\u00e9sidentes<\/span><\/a><\/p>\n","protected":false},"author":1,"featured_media":2888,"comment_status":"open","ping_status":"open","sticky":false,"template":"","format":"standard","meta":{"spay_email":"","footnotes":""},"categories":[18],"tags":[],"jetpack_featured_media_url":"https:\/\/www.loireenscene.org\/wp-content\/uploads\/2021\/09\/Photo-Presidentes-moyenne-definition-tous-publics.jpeg","_links":{"self":[{"href":"https:\/\/www.loireenscene.org\/index.php\/wp-json\/wp\/v2\/posts\/2887"}],"collection":[{"href":"https:\/\/www.loireenscene.org\/index.php\/wp-json\/wp\/v2\/posts"}],"about":[{"href":"https:\/\/www.loireenscene.org\/index.php\/wp-json\/wp\/v2\/types\/post"}],"author":[{"embeddable":true,"href":"https:\/\/www.loireenscene.org\/index.php\/wp-json\/wp\/v2\/users\/1"}],"replies":[{"embeddable":true,"href":"https:\/\/www.loireenscene.org\/index.php\/wp-json\/wp\/v2\/comments?post=2887"}],"version-history":[{"count":1,"href":"https:\/\/www.loireenscene.org\/index.php\/wp-json\/wp\/v2\/posts\/2887\/revisions"}],"predecessor-version":[{"id":2889,"href":"https:\/\/www.loireenscene.org\/index.php\/wp-json\/wp\/v2\/posts\/2887\/revisions\/2889"}],"wp:featuredmedia":[{"embeddable":true,"href":"https:\/\/www.loireenscene.org\/index.php\/wp-json\/wp\/v2\/media\/2888"}],"wp:attachment":[{"href":"https:\/\/www.loireenscene.org\/index.php\/wp-json\/wp\/v2\/media?parent=2887"}],"wp:term":[{"taxonomy":"category","embeddable":true,"href":"https:\/\/www.loireenscene.org\/index.php\/wp-json\/wp\/v2\/categories?post=2887"},{"taxonomy":"post_tag","embeddable":true,"href":"https:\/\/www.loireenscene.org\/index.php\/wp-json\/wp\/v2\/tags?post=2887"}],"curies":[{"name":"wp","href":"https:\/\/api.w.org\/{rel}","templated":true}]}}