{"id":2951,"date":"2021-09-24T14:23:27","date_gmt":"2021-09-24T12:23:27","guid":{"rendered":"http:\/\/www.loireenscene.org\/?p=2951"},"modified":"2021-09-24T14:59:17","modified_gmt":"2021-09-24T12:59:17","slug":"melody-et-le-capitaine-8","status":"publish","type":"post","link":"https:\/\/www.loireenscene.org\/index.php\/2021\/09\/24\/melody-et-le-capitaine-8\/","title":{"rendered":"M\u00e9lody et le Capitaine"},"content":{"rendered":"\n<h4 class=\"wp-block-heading\">Cie Travelling Th\u00e9\u00e2tre<br>Cr\u00e9ation 2022<\/h4>\n\n\n\n<h3 class=\"has-text-align-right has-black-color has-text-color wp-block-heading\"><span style=\"color:#000000\" class=\"tadv-color\"><span style=\"background-color:#ffffff\" class=\"tadv-background-color\">Mer 26 janv &#8211; 15h<\/span><br><span style=\"background-color:#ffffff\" class=\"tadv-background-color\">Centre culturel de La Ricamarie<\/span><\/span><\/h3>\n\n\n\n<p><strong><em>Th\u00e9\u00e2tre<br>\u00c0 partir de 8 ans<\/em><\/strong><em>&#8211; Dur\u00e9e : 1h00<\/em><\/p>\n\n\n\n<p>M\u00e9lody a une douzaine d&rsquo;ann\u00e9es. Confin\u00e9e en ville, c&rsquo;est une gamine \u00ab difficile \u00bb. Sa m\u00e8re d\u00e9cide de l&rsquo;envoyer chez son grand-p\u00e8re, que M\u00e9lody n\u2019a jamais rencontr\u00e9 et qui vit sur l&rsquo;\u00eele d&rsquo;Ouessant. Lorsqu&rsquo;ils se retrouvent sur le port du Conquet, le premier contact est un peu tendu&#8230; Ils montent malgr\u00e9 tout ensemble sur la petite embarcation qui doit les amener en quelques heures \u00e0 destination\u2026 Mais le voyage, p\u00e9rilleux, sera beaucoup plus long que pr\u00e9vu, ce qui laissera le temps \u00e0 ces deux-l\u00e0 de faire connaissance. Jusqu\u2019\u00e0 ce qu\u2019un coup de th\u00e9\u00e2tre en pleine temp\u00eate brasse les cartes&#8230; Il y a un second passager \u00e0 bord, Capitaine !<\/p>\n\n\n\n<p><em>Texte &amp; Mise en sc\u00e8ne : Gilles Granouillet<\/em><br>I<em>nterpr\u00e8tes&nbsp;: Fran\u00e7ois Font, Romane Karr &amp; Hermann Marchand<\/em><br><em>Costumes&nbsp;: Marie-Fr\u00e9d\u00e9rique Fillion<\/em><br><em>Sc\u00e9nographie&nbsp;: Gilles Granouillet &amp; Bernard Lafay<\/em><br><em>Musique&nbsp;: S\u00e9bastien Quencez<\/em><br><em>Vid\u00e9o&nbsp;: Aur\u00e9lien C\u00e9net<\/em><br><em>Lumi\u00e8res &amp; r\u00e9gie g\u00e9n\u00e9rale : J\u00e9r\u00f4me Aubert<\/em><\/p>\n\n\n\n<p>Production : Compagnie travelling Th\u00e9\u00e2tre<br>Coproduction : La Passerelle \u00e0 Saint-Just Saint-Rambert<br>Remerciements \u00e0 l\u2019Espace Aragon &#8211; Communaut\u00e9 de Communes Le Gr\u00e9sivaudan<\/p>\n\n\n\n<p><\/p>\n\n\n\n<p class=\"has-text-align-right has-black-color has-text-color\"> Infos \/ R\u00e9servation \/ Billetterie :  04 77 80 30 59<\/p>\n\n\n\n<p><\/p>\n","protected":false},"excerpt":{"rendered":"<p>Cie Travelling Th\u00e9\u00e2treCr\u00e9ation 2022 Mer 26 janv &#8211; 15hCentre culturel de La Ricamarie Th\u00e9\u00e2tre\u00c0 partir de 8 ans&#8211; Dur\u00e9e : 1h00 M\u00e9lody a une douzaine d&rsquo;ann\u00e9es. Confin\u00e9e en ville, c&rsquo;est une gamine \u00ab difficile \u00bb. Sa m\u00e8re d\u00e9cide de l&rsquo;envoyer chez son grand-p\u00e8re, que M\u00e9lody n\u2019a jamais rencontr\u00e9 et qui vit sur l&rsquo;\u00eele d&rsquo;Ouessant. Lorsqu&rsquo;ils&hellip; <a href=\"https:\/\/www.loireenscene.org\/index.php\/2021\/09\/24\/melody-et-le-capitaine-8\/\" class=\"more-link\">Lire la suite <span class=\"screen-reader-text\">M\u00e9lody et le Capitaine<\/span><\/a><\/p>\n","protected":false},"author":1,"featured_media":2589,"comment_status":"open","ping_status":"open","sticky":false,"template":"","format":"standard","meta":{"spay_email":"","footnotes":""},"categories":[18],"tags":[],"jetpack_featured_media_url":"https:\/\/www.loireenscene.org\/wp-content\/uploads\/2021\/07\/Me\u0301lody-et-le-Capitaine-\u00a9Mae\u0308lis-Delorme-scaled-e1626334093977.jpg","_links":{"self":[{"href":"https:\/\/www.loireenscene.org\/index.php\/wp-json\/wp\/v2\/posts\/2951"}],"collection":[{"href":"https:\/\/www.loireenscene.org\/index.php\/wp-json\/wp\/v2\/posts"}],"about":[{"href":"https:\/\/www.loireenscene.org\/index.php\/wp-json\/wp\/v2\/types\/post"}],"author":[{"embeddable":true,"href":"https:\/\/www.loireenscene.org\/index.php\/wp-json\/wp\/v2\/users\/1"}],"replies":[{"embeddable":true,"href":"https:\/\/www.loireenscene.org\/index.php\/wp-json\/wp\/v2\/comments?post=2951"}],"version-history":[{"count":4,"href":"https:\/\/www.loireenscene.org\/index.php\/wp-json\/wp\/v2\/posts\/2951\/revisions"}],"predecessor-version":[{"id":2975,"href":"https:\/\/www.loireenscene.org\/index.php\/wp-json\/wp\/v2\/posts\/2951\/revisions\/2975"}],"wp:featuredmedia":[{"embeddable":true,"href":"https:\/\/www.loireenscene.org\/index.php\/wp-json\/wp\/v2\/media\/2589"}],"wp:attachment":[{"href":"https:\/\/www.loireenscene.org\/index.php\/wp-json\/wp\/v2\/media?parent=2951"}],"wp:term":[{"taxonomy":"category","embeddable":true,"href":"https:\/\/www.loireenscene.org\/index.php\/wp-json\/wp\/v2\/categories?post=2951"},{"taxonomy":"post_tag","embeddable":true,"href":"https:\/\/www.loireenscene.org\/index.php\/wp-json\/wp\/v2\/tags?post=2951"}],"curies":[{"name":"wp","href":"https:\/\/api.w.org\/{rel}","templated":true}]}}