{"id":2961,"date":"2021-09-24T14:38:15","date_gmt":"2021-09-24T12:38:15","guid":{"rendered":"http:\/\/www.loireenscene.org\/?p=2961"},"modified":"2021-11-16T11:28:16","modified_gmt":"2021-11-16T10:28:16","slug":"lavare","status":"publish","type":"post","link":"https:\/\/www.loireenscene.org\/index.php\/2021\/09\/24\/lavare\/","title":{"rendered":"L&rsquo;Avare"},"content":{"rendered":"\n<h4 class=\"wp-block-heading\">La Com\u00e9die de Saint-\u00c9tienne<br>Cr\u00e9ation 2022<\/h4>\n\n\n\n<h3 class=\"has-text-align-right wp-block-heading\"> Mar 18, Mer 19, Jeu 20 &amp; Ven 21 janv &#8211; 20h<br>Sam 22 et 29 janv &#8211; 17h<br>Mar 25, Mer 26, Jeu 27 &amp; Ven 28 janv &#8211; 20h<br>La Com\u00e9die de Saint-\u00c9tienne<\/h3>\n\n\n\n<p><em><strong>Th\u00e9\u00e2tre <br>\u00c0 partir de ? ans<\/strong> &#8211; Dur\u00e9e : 2h<\/em><\/p>\n\n\n\n<p>Beno\u00eet Lambert, nouveau directeur de la Com\u00e9die, entretient avec Moli\u00e8re, un fid\u00e8le compagnonnage. Depuis <em>Les Fourberies de Scapin<\/em>, l\u2019un de ses premiers spectacles, en passant par <em>Tartuffe<\/em> et <em>Le Misanthrope<\/em>, le metteur en sc\u00e8ne r\u00e9affirme son amour ind\u00e9fectible pour cet immense auteur dont la langue, profond\u00e9ment vivante, constitue un formidable appel au jeu. C\u2019est une aventure commune, partag\u00e9e avec son acteur complice Emmanuel V\u00e9rit\u00e9. Pour eux, \u201cmonter\u201c des pi\u00e8ces ayant \u00e9t\u00e9 \u00e9crites depuis le plateau, pour et avec la troupe, n\u00e9cessite de placer les acteurs r\u00e9solument au centre de l\u2019acte th\u00e9\u00e2tral.<\/p>\n\n\n\n<p><em>Texte&nbsp;| Moli\u00e8re<br>Mise en sc\u00e8ne | Beno\u00eet Lambert<br>Assistanat \u00e0 la mise en sc\u00e8ne | Colin Rey<br>Avec&nbsp;| Estelle Br\u00e9mont, Anne Cuisenier, Baptiste Febvre, Th\u00e9ophile Gasselin, \u00c9tienne Grebot, Maud Meunissier, Emmanuel V\u00e9rit\u00e9<br>Sc\u00e9nographie et cr\u00e9ation lumi\u00e8re | Antoine Franchet<br>Cr\u00e9ation son | Jean-Marc Bezou<br>Costumes&nbsp;| Violaine L. Chartier<br>Maquillage | Marion Bidaud<br>R\u00e9gie g\u00e9n\u00e9rale | Thomas Chazalon<br>Construction d\u00e9cor et costumes | Ateliers de la Com\u00e9die de Saint-\u00c9tienne<\/em><\/p>\n\n\n\n<p>Production : La Com\u00e9die de Saint-Etienne \u2013 CDN, Th\u00e9\u00e2tre Dijon-Bourgogne \u2013 CDN<\/p>\n\n\n\n<p><\/p>\n\n\n\n<p class=\"has-text-align-right\">Info\/R\u00e9servation\/Billetterie | 04 77 25 14 14<\/p>\n","protected":false},"excerpt":{"rendered":"<p>La Com\u00e9die de Saint-\u00c9tienneCr\u00e9ation 2022 Mar 18, Mer 19, Jeu 20 &amp; Ven 21 janv &#8211; 20hSam 22 et 29 janv &#8211; 17hMar 25, Mer 26, Jeu 27 &amp; Ven 28 janv &#8211; 20hLa Com\u00e9die de Saint-\u00c9tienne Th\u00e9\u00e2tre \u00c0 partir de ? ans &#8211; Dur\u00e9e : 2h Beno\u00eet Lambert, nouveau directeur de la Com\u00e9die, entretient&hellip; <a href=\"https:\/\/www.loireenscene.org\/index.php\/2021\/09\/24\/lavare\/\" class=\"more-link\">Lire la suite <span class=\"screen-reader-text\">L&rsquo;Avare<\/span><\/a><\/p>\n","protected":false},"author":1,"featured_media":3079,"comment_status":"open","ping_status":"open","sticky":false,"template":"","format":"standard","meta":{"spay_email":"","footnotes":""},"categories":[18],"tags":[],"jetpack_featured_media_url":"https:\/\/www.loireenscene.org\/wp-content\/uploads\/2021\/09\/lavare-DR-scaled.jpg","_links":{"self":[{"href":"https:\/\/www.loireenscene.org\/index.php\/wp-json\/wp\/v2\/posts\/2961"}],"collection":[{"href":"https:\/\/www.loireenscene.org\/index.php\/wp-json\/wp\/v2\/posts"}],"about":[{"href":"https:\/\/www.loireenscene.org\/index.php\/wp-json\/wp\/v2\/types\/post"}],"author":[{"embeddable":true,"href":"https:\/\/www.loireenscene.org\/index.php\/wp-json\/wp\/v2\/users\/1"}],"replies":[{"embeddable":true,"href":"https:\/\/www.loireenscene.org\/index.php\/wp-json\/wp\/v2\/comments?post=2961"}],"version-history":[{"count":2,"href":"https:\/\/www.loireenscene.org\/index.php\/wp-json\/wp\/v2\/posts\/2961\/revisions"}],"predecessor-version":[{"id":3080,"href":"https:\/\/www.loireenscene.org\/index.php\/wp-json\/wp\/v2\/posts\/2961\/revisions\/3080"}],"wp:featuredmedia":[{"embeddable":true,"href":"https:\/\/www.loireenscene.org\/index.php\/wp-json\/wp\/v2\/media\/3079"}],"wp:attachment":[{"href":"https:\/\/www.loireenscene.org\/index.php\/wp-json\/wp\/v2\/media?parent=2961"}],"wp:term":[{"taxonomy":"category","embeddable":true,"href":"https:\/\/www.loireenscene.org\/index.php\/wp-json\/wp\/v2\/categories?post=2961"},{"taxonomy":"post_tag","embeddable":true,"href":"https:\/\/www.loireenscene.org\/index.php\/wp-json\/wp\/v2\/tags?post=2961"}],"curies":[{"name":"wp","href":"https:\/\/api.w.org\/{rel}","templated":true}]}}