{"id":3433,"date":"2023-07-17T14:07:28","date_gmt":"2023-07-17T12:07:28","guid":{"rendered":"http:\/\/www.loireenscene.org\/?p=3433"},"modified":"2023-07-17T14:07:28","modified_gmt":"2023-07-17T12:07:28","slug":"panique-dans-la-foret","status":"publish","type":"post","link":"https:\/\/www.loireenscene.org\/index.php\/2023\/07\/17\/panique-dans-la-foret\/","title":{"rendered":"Panique dans la for\u00eat"},"content":{"rendered":"\n<h4 class=\"wp-block-heading\">Weepers Circus<\/h4>\n\n\n\n<h3 class=\"wp-block-heading has-text-align-right has-text-color\" style=\"color:#16b4c0\"><span style=\"background-color:#ffffff\" class=\"tadv-background-color\"><span style=\"color:#16b4c0\" class=\"tadv-color\">Dimanche 19 novembre, 17h<\/span><\/span><br>Centre culturel le Sou, La Talaudi\u00e8re<br><\/h3>\n\n\n\n<p><strong><em>Chanson fran\u00e7aise<br>\u00c0 partir de 5 ans<\/em><\/strong><em> &#8211; Dur\u00e9e : 1h00<\/em><\/p>\n\n\n\n<p>Pour cette journ\u00e9e internationale des droits de l\u2019enfant, les Weepers Circus vont vous raconter une histoire d\u2019amiti\u00e9, une histoire vraie ! Celle-ci d\u00e9bute un soir, alors que quatre joyeux personnages rentrent d\u2019une f\u00eate. Le c\u0153ur content, ils chantent gaiement sur les chemins, ignorant totalement qu\u2019ils sont en train de se perdre dans la for\u00eat interdite. Ensemble, ils vont d\u2019affronter cette nuit, peupl\u00e9e de personnages myst\u00e9rieux : des pirates prenant les arbres pour des navires, un corbac un peu truqueur, un vieux cyclope devenu myope, une licorne qui n\u2019existe pas et un seigneur qui fait peur. De plus, ils vont assister au l\u00e9gendaire bal des barbus ! Un seul mot d\u2019ordre : ne jamais crier. Une seule pens\u00e9e : ne jamais \u00eatre fatigu\u00e9s. Un seul but : aller au bout de la nuit, ensemble\u00a0!<br>C\u2019est une qu\u00eate inattendue et palpitante. Avec de l\u2019insouciance, des \u00e9preuves, des doutes, de la peur et de l\u2019excitation \u00e0 l\u2019id\u00e9e de vivre une aventure incroyable.<\/p>\n\n\n\n<p class=\"has-small-font-size\"><em>Avec\u00a0: Franck George (chant, basse, violoncelle, ukul\u00e9l\u00e9, guitare, ch\u0153urs), Denis L\u00e9onhardt\u00a0(chant, clarinette, saxophone, guitare, ch\u0153urs), Christian Houill\u00e9 (chant, claviers, ch\u0153urs), Alexandre Goulec Bertrand (chant, batterie, ch\u0153urs), Tcheky Karyo (narration, voix off)<br>Mise en sc\u00e8ne\u00a0: Vanessa Guillaume\u00a0<br>Cr\u00e9ation lumi\u00e8re, r\u00e9gie g\u00e9n\u00e9rale\u00a0: Manon Meyer<br>Son\u00a0: Maxime Epp<br>Sc\u00e9nographie\u00a0: Albane Aubin<\/em><\/p>\n\n\n\n<p class=\"has-small-font-size\">Accueils en r\u00e9sidence\u00a0: L\u2019Espace Django, Strasbourg (67)\u00a0; la Saline &#8211; Relais Culturel, Soultz-sous-For\u00eats (67)\u00a0; le P\u00f4le &#8211; sc\u00e8ne conventionn\u00e9e d\u2019int\u00e9r\u00eat national\u00a0; le Revest-les-Eaux (83)\u00a0; le Point d\u2019Eau, Ostwald (67)<br>Soutiens\u00a0: M\u00e9tropole de Strasbourg, D\u00e9partement Alsace, R\u00e9gion Grand-Est, Adami, CNM, Sacem, la Copie priv\u00e9e.<\/p>\n\n\n\n<p><\/p>\n\n\n\n<p class=\"has-text-color\" style=\"color:#16b4c0\"><strong> Infos \/ R\u00e9servation \/ Billetterie :  04 77 53 03 37<\/strong><\/p>\n\n\n\n<p>Tarif : GRATUIT<\/p>\n","protected":false},"excerpt":{"rendered":"<p>Weepers Circus Dimanche 19 novembre, 17hCentre culturel le Sou, La Talaudi\u00e8re Chanson fran\u00e7aise\u00c0 partir de 5 ans &#8211; Dur\u00e9e : 1h00 Pour cette journ\u00e9e internationale des droits de l\u2019enfant, les Weepers Circus vont vous raconter une histoire d\u2019amiti\u00e9, une histoire vraie ! Celle-ci d\u00e9bute un soir, alors que quatre joyeux personnages rentrent d\u2019une f\u00eate. Le&hellip; <a href=\"https:\/\/www.loireenscene.org\/index.php\/2023\/07\/17\/panique-dans-la-foret\/\" class=\"more-link\">Lire la suite <span class=\"screen-reader-text\">Panique dans la for\u00eat<\/span><\/a><\/p>\n","protected":false},"author":1,"featured_media":3434,"comment_status":"open","ping_status":"open","sticky":false,"template":"","format":"standard","meta":{"spay_email":"","footnotes":""},"categories":[24],"tags":[],"jetpack_featured_media_url":"https:\/\/www.loireenscene.org\/wp-content\/uploads\/2023\/07\/Capture-decran-2023-06-08-a-17.46.14-e1689602269124.png","_links":{"self":[{"href":"https:\/\/www.loireenscene.org\/index.php\/wp-json\/wp\/v2\/posts\/3433"}],"collection":[{"href":"https:\/\/www.loireenscene.org\/index.php\/wp-json\/wp\/v2\/posts"}],"about":[{"href":"https:\/\/www.loireenscene.org\/index.php\/wp-json\/wp\/v2\/types\/post"}],"author":[{"embeddable":true,"href":"https:\/\/www.loireenscene.org\/index.php\/wp-json\/wp\/v2\/users\/1"}],"replies":[{"embeddable":true,"href":"https:\/\/www.loireenscene.org\/index.php\/wp-json\/wp\/v2\/comments?post=3433"}],"version-history":[{"count":1,"href":"https:\/\/www.loireenscene.org\/index.php\/wp-json\/wp\/v2\/posts\/3433\/revisions"}],"predecessor-version":[{"id":3435,"href":"https:\/\/www.loireenscene.org\/index.php\/wp-json\/wp\/v2\/posts\/3433\/revisions\/3435"}],"wp:featuredmedia":[{"embeddable":true,"href":"https:\/\/www.loireenscene.org\/index.php\/wp-json\/wp\/v2\/media\/3434"}],"wp:attachment":[{"href":"https:\/\/www.loireenscene.org\/index.php\/wp-json\/wp\/v2\/media?parent=3433"}],"wp:term":[{"taxonomy":"category","embeddable":true,"href":"https:\/\/www.loireenscene.org\/index.php\/wp-json\/wp\/v2\/categories?post=3433"},{"taxonomy":"post_tag","embeddable":true,"href":"https:\/\/www.loireenscene.org\/index.php\/wp-json\/wp\/v2\/tags?post=3433"}],"curies":[{"name":"wp","href":"https:\/\/api.w.org\/{rel}","templated":true}]}}