{"id":3436,"date":"2023-07-17T14:15:42","date_gmt":"2023-07-17T12:15:42","guid":{"rendered":"http:\/\/www.loireenscene.org\/?p=3436"},"modified":"2023-07-17T14:15:42","modified_gmt":"2023-07-17T12:15:42","slug":"la-reine-et-lolifant-magique","status":"publish","type":"post","link":"https:\/\/www.loireenscene.org\/index.php\/2023\/07\/17\/la-reine-et-lolifant-magique\/","title":{"rendered":"La reine et l&rsquo;olifant magique"},"content":{"rendered":"\n<h4 class=\"wp-block-heading\">Cie LalalaChamade<\/h4>\n\n\n\n<h3 class=\"wp-block-heading has-text-align-right has-text-color\" style=\"color:#16b4c0\"><span style=\"background-color:#ffffff\" class=\"tadv-background-color\"><span style=\"color:#16b4c0\" class=\"tadv-color\">Vendredi 5 avril, 20h<\/span><\/span><br>Centre culturel le Sou, La Talaudi\u00e8re<br><\/h3>\n\n\n\n<p><strong><em>Th\u00e9\u00e2tre forain<br>\u00c0 partir de 7 ans<\/em><\/strong><em> &#8211; Dur\u00e9e : 1h20<\/em><\/p>\n\n\n\n<p>Une fable sur le pouvoir et la d\u00e9mocratie. Au moment de mourir, le bon roi Olov confie \u00e0 sa fille, la princesse Sigrid, la couronne et un olifant magique sens\u00e9 sonner en cas de p\u00e9ril pour le royaume. Cet olifant magique, cet Augure des malheurs possibles, plonge la dirigeante de N\u00e9jdor\u00e4 en \u00e9tat de crise permanente. Pour prot\u00e9ger ses sujets et emp\u00eacher l\u2019olifant de r\u00e9sonner, la reine gouverne \u00e0 coup de d\u00e9crets\u2026 avec exc\u00e8s ! La reine et l\u2019olifant magique aborde des sujets qui r\u00e9sonnent avec notre \u00e9poque : la l\u00e9gitimit\u00e9 du pouvoir et sa responsabilit\u00e9, l\u2019usage de la d\u00e9mocratie, l\u2019argument du \u00ab bien \u00bb pour tout justifier, la confiscation de la citoyennet\u00e9, la r\u00e9volte \u2026<\/p>\n\n\n\n<p class=\"has-small-font-size\"><em>D\u2019apr\u00e8s le conte de Christian Palustran<\/em><br><em>Mise en sc\u00e8ne : Alice Tedde et Sylvain Delcourt<\/em><br><em>Avec\u00a0: Marl\u00e8ne Raynaud, B\u00e9rang\u00e8re Mehl, G\u00e9rald Casetto, Yann Ducruet, Alice Tedde et Sylvain Delcourt et une quinzaine de com\u00e9dien.niennes amateur.es de l\u2019Atelier Th\u00e9\u00e2tre du Coll\u00e8ge Pierre et Marie Curie (La Talaudi\u00e8re). <\/em><br><em>Lumi\u00e8res : Yan Arnaud. <\/em><br><em>Costumes : Marie-Fred Fillon<\/em><\/p>\n\n\n\n<p class=\"has-small-font-size\">Coproduction\u00a0: la Com\u00e8te \u00e0 Saint-\u00c9tienne<br>Projet participatif avec les \u00e9l\u00e8ves de l\u2019atelier th\u00e9\u00e2tre du coll\u00e8ge Pierre et Marie Curie de la Talaudi\u00e8re et c\u2019est la saison ! (Sorbiers-Saint-Jean Bonnefond)<\/p>\n\n\n\n<p><\/p>\n\n\n\n<p class=\"has-text-color\" style=\"color:#16b4c0\"><strong> Infos \/ R\u00e9servation \/ Billetterie :  04 77 53 03 37<\/strong><\/p>\n\n\n\n<p>Tarif : Non connu<\/p>\n","protected":false},"excerpt":{"rendered":"<p>Cie LalalaChamade Vendredi 5 avril, 20hCentre culturel le Sou, La Talaudi\u00e8re Th\u00e9\u00e2tre forain\u00c0 partir de 7 ans &#8211; Dur\u00e9e : 1h20 Une fable sur le pouvoir et la d\u00e9mocratie. Au moment de mourir, le bon roi Olov confie \u00e0 sa fille, la princesse Sigrid, la couronne et un olifant magique sens\u00e9 sonner en cas de&hellip; <a href=\"https:\/\/www.loireenscene.org\/index.php\/2023\/07\/17\/la-reine-et-lolifant-magique\/\" class=\"more-link\">Lire la suite <span class=\"screen-reader-text\">La reine et l&rsquo;olifant magique<\/span><\/a><\/p>\n","protected":false},"author":1,"featured_media":3437,"comment_status":"open","ping_status":"open","sticky":false,"template":"","format":"standard","meta":{"spay_email":"","footnotes":""},"categories":[24],"tags":[],"jetpack_featured_media_url":"https:\/\/www.loireenscene.org\/wp-content\/uploads\/2023\/07\/la-reine-affiche300dpi_page-0001-min-2-1-scaled-e1689596118276.jpg","_links":{"self":[{"href":"https:\/\/www.loireenscene.org\/index.php\/wp-json\/wp\/v2\/posts\/3436"}],"collection":[{"href":"https:\/\/www.loireenscene.org\/index.php\/wp-json\/wp\/v2\/posts"}],"about":[{"href":"https:\/\/www.loireenscene.org\/index.php\/wp-json\/wp\/v2\/types\/post"}],"author":[{"embeddable":true,"href":"https:\/\/www.loireenscene.org\/index.php\/wp-json\/wp\/v2\/users\/1"}],"replies":[{"embeddable":true,"href":"https:\/\/www.loireenscene.org\/index.php\/wp-json\/wp\/v2\/comments?post=3436"}],"version-history":[{"count":1,"href":"https:\/\/www.loireenscene.org\/index.php\/wp-json\/wp\/v2\/posts\/3436\/revisions"}],"predecessor-version":[{"id":3439,"href":"https:\/\/www.loireenscene.org\/index.php\/wp-json\/wp\/v2\/posts\/3436\/revisions\/3439"}],"wp:featuredmedia":[{"embeddable":true,"href":"https:\/\/www.loireenscene.org\/index.php\/wp-json\/wp\/v2\/media\/3437"}],"wp:attachment":[{"href":"https:\/\/www.loireenscene.org\/index.php\/wp-json\/wp\/v2\/media?parent=3436"}],"wp:term":[{"taxonomy":"category","embeddable":true,"href":"https:\/\/www.loireenscene.org\/index.php\/wp-json\/wp\/v2\/categories?post=3436"},{"taxonomy":"post_tag","embeddable":true,"href":"https:\/\/www.loireenscene.org\/index.php\/wp-json\/wp\/v2\/tags?post=3436"}],"curies":[{"name":"wp","href":"https:\/\/api.w.org\/{rel}","templated":true}]}}