{"id":3455,"date":"2023-07-17T15:04:17","date_gmt":"2023-07-17T13:04:17","guid":{"rendered":"http:\/\/www.loireenscene.org\/?p=3455"},"modified":"2023-07-17T15:04:17","modified_gmt":"2023-07-17T13:04:17","slug":"couleur-metisse","status":"publish","type":"post","link":"https:\/\/www.loireenscene.org\/index.php\/2023\/07\/17\/couleur-metisse\/","title":{"rendered":"Couleur m\u00e9tisse"},"content":{"rendered":"\n<h4 class=\"wp-block-heading\">Louis Gammino<\/h4>\n\n\n\n<h3 class=\"wp-block-heading has-text-align-right has-text-color\" style=\"color:#16b4c0\"><span style=\"background-color:#ffffff\" class=\"tadv-background-color\"><span style=\"color:#16b4c0\" class=\"tadv-color\">Mercredi 29 novembre, 15h<\/span><\/span><br>Salle Aristide Briand, Saint-Chamond<br><\/h3>\n\n\n\n<p><strong><em>Musique<br>\u00c0 partir de 6 ans<\/em><\/strong><em> &#8211; Dur\u00e9e : 55min<\/em><\/p>\n\n\n\n<p>Un enfant muni d\u2019un casque audio fait la rencontre d\u2019un musicien.\u00a0<br>A partir de cette rencontre les musiciens et acteurs vont voyager du continent africain au Br\u00e9sil en passant par la culture hispanique.<br>Inspir\u00e9 des traditions de la world musique et de son pass\u00e9 occidental, le spectacle salue Jean-S\u00e9bastien Bach comme les premi\u00e8res notes du jazz du continent nord-am\u00e9ricain.\u00a0<br>Une approche ludique et p\u00e9dagogique de l\u2019histoire de la musique.<\/p>\n\n\n\n<p class=\"has-small-font-size\"><em>Avec : Olivier Cassassus, Vincent Navarra, Franck Lo\u00efodice, Louis Gammino, Arthur Chambon<\/em><\/p>\n\n\n\n<p><\/p>\n\n\n\n<p class=\"has-text-color\" style=\"color:#16b4c0\"><strong> Infos \/ R\u00e9servation \/ Billetterie : <strong>04 77 31 04 41 ou <a href=\"http:\/\/www.saint-chamond.fr\" target=\"_blank\" rel=\"noreferrer noopener\">Billetterie en ligne<\/a><\/strong><\/strong><\/p>\n\n\n\n<p>Tarifs : 7,00\u20ac TP | 5,50\u20ac TR<\/p>\n","protected":false},"excerpt":{"rendered":"<p>Louis Gammino Mercredi 29 novembre, 15hSalle Aristide Briand, Saint-Chamond Musique\u00c0 partir de 6 ans &#8211; Dur\u00e9e : 55min Un enfant muni d\u2019un casque audio fait la rencontre d\u2019un musicien.\u00a0A partir de cette rencontre les musiciens et acteurs vont voyager du continent africain au Br\u00e9sil en passant par la culture hispanique.Inspir\u00e9 des traditions de la world&hellip; <a href=\"https:\/\/www.loireenscene.org\/index.php\/2023\/07\/17\/couleur-metisse\/\" class=\"more-link\">Lire la suite <span class=\"screen-reader-text\">Couleur m\u00e9tisse<\/span><\/a><\/p>\n","protected":false},"author":1,"featured_media":3456,"comment_status":"open","ping_status":"open","sticky":false,"template":"","format":"standard","meta":{"spay_email":"","footnotes":""},"categories":[24],"tags":[],"jetpack_featured_media_url":"https:\/\/www.loireenscene.org\/wp-content\/uploads\/2023\/07\/446A8181-scaled-e1689602474924.jpg","_links":{"self":[{"href":"https:\/\/www.loireenscene.org\/index.php\/wp-json\/wp\/v2\/posts\/3455"}],"collection":[{"href":"https:\/\/www.loireenscene.org\/index.php\/wp-json\/wp\/v2\/posts"}],"about":[{"href":"https:\/\/www.loireenscene.org\/index.php\/wp-json\/wp\/v2\/types\/post"}],"author":[{"embeddable":true,"href":"https:\/\/www.loireenscene.org\/index.php\/wp-json\/wp\/v2\/users\/1"}],"replies":[{"embeddable":true,"href":"https:\/\/www.loireenscene.org\/index.php\/wp-json\/wp\/v2\/comments?post=3455"}],"version-history":[{"count":2,"href":"https:\/\/www.loireenscene.org\/index.php\/wp-json\/wp\/v2\/posts\/3455\/revisions"}],"predecessor-version":[{"id":3458,"href":"https:\/\/www.loireenscene.org\/index.php\/wp-json\/wp\/v2\/posts\/3455\/revisions\/3458"}],"wp:featuredmedia":[{"embeddable":true,"href":"https:\/\/www.loireenscene.org\/index.php\/wp-json\/wp\/v2\/media\/3456"}],"wp:attachment":[{"href":"https:\/\/www.loireenscene.org\/index.php\/wp-json\/wp\/v2\/media?parent=3455"}],"wp:term":[{"taxonomy":"category","embeddable":true,"href":"https:\/\/www.loireenscene.org\/index.php\/wp-json\/wp\/v2\/categories?post=3455"},{"taxonomy":"post_tag","embeddable":true,"href":"https:\/\/www.loireenscene.org\/index.php\/wp-json\/wp\/v2\/tags?post=3455"}],"curies":[{"name":"wp","href":"https:\/\/api.w.org\/{rel}","templated":true}]}}