{"id":3468,"date":"2023-07-17T15:24:45","date_gmt":"2023-07-17T13:24:45","guid":{"rendered":"http:\/\/www.loireenscene.org\/?p=3468"},"modified":"2023-07-17T15:24:45","modified_gmt":"2023-07-17T13:24:45","slug":"poule-mouillee","status":"publish","type":"post","link":"https:\/\/www.loireenscene.org\/index.php\/2023\/07\/17\/poule-mouillee\/","title":{"rendered":"Poule mouill\u00e9e"},"content":{"rendered":"\n<h4 class=\"wp-block-heading\">Cie M\u00e9lodrames<\/h4>\n\n\n\n<h3 class=\"wp-block-heading has-text-align-right has-text-color\" style=\"color:#16b4c0\"><span style=\"background-color:#ffffff\" class=\"tadv-background-color\"><span style=\"color:#16b4c0\" class=\"tadv-color\">Samedi 9 mars, 18h<\/span><\/span><br>Espace culturel du Monteil &#8211; Monistrol \/ Loire<br><\/h3>\n\n\n\n<p><strong><em>Th\u00e9\u00e2tre<br>\u00c0 partir de 6 ans<\/em><\/strong><em> &#8211; Dur\u00e9e : 1h00<\/em><\/p>\n\n\n\n<p>Depuis que Marco passe en boucle \u00e0 la t\u00e9l\u00e9 dans une publicit\u00e9 pour un bouillon de volaille, tout le monde dans son \u00e9cole l\u2019appelle \u00ab Poule Mouill\u00e9e \u00bb. Pas facile de se d\u00e9fendre face aux moqueries quand on est un petit gar\u00e7on de 8 ans, timide et r\u00eaveur. Marco nous confie son malaise et son envie de ne plus retourner \u00e0 l\u2019\u00e9cole.<br>Mais un jour un \u00e9v\u00e9nement inattendu vient tout changer. Gr\u00e2ce \u00e0 sa fantaisie et sa passion pour le rap, Marco retrouvera confiance en lui et le courage pour r\u00e9pondre aux moqueries.<\/p>\n\n\n\n<p class=\"has-small-font-size\"><em>Texte : Gustavo Araujo<br>Mise en sc\u00e8ne Elisa Falconi<br>Avec : Cindy Bossan, Elisa Falconi, No\u00e9 Pflieger, Gustave Araujo <br>Sc\u00e9nographie\u00a0: Alix Mercier<br>Costumes\u00a0: Pauline Yaoua Zurini<br>Musiques\u00a0: Claudio del Vecchio<br>Accessoires\u00a0: Gwendoline Grandjean\u00a0\/ MARIONNETTES\u00a0: Francesca Testi<br>Masques et Perruques\u00a0: Kuno Schlegelmilch<br>Son : Marion Cros<br>Lumi\u00e8res\u00a0: Thibault Marfisi<br>Chor\u00e9graphies\u00a0: Ivana Dimitrova<br>D\u00e9cors: Claude Pierson<\/em><\/p>\n\n\n\n<p class=\"has-small-font-size\"><\/p>\n\n\n\n<p class=\"has-text-color\" style=\"color:#16b4c0\"><strong> Infos \/ R\u00e9servation \/ Billetterie : <strong>04 71 66 03 14 \/ 04 71 66 53 52<\/strong><\/strong> <strong>ou <a href=\"https:\/\/mairie-monistrol-sur-loire.fr\/culture-sports-loisirs\/saison-culturelle\/\" target=\"_blank\" rel=\"noreferrer noopener\">Billetterie en ligne<\/a><\/strong><\/p>\n\n\n\n<p>Tarifs : 10,00\u20ac &#8211; 8,00\u20ac et 5,00\u20ac<\/p>\n","protected":false},"excerpt":{"rendered":"<p>Cie M\u00e9lodrames Samedi 9 mars, 18hEspace culturel du Monteil &#8211; Monistrol \/ Loire Th\u00e9\u00e2tre\u00c0 partir de 6 ans &#8211; Dur\u00e9e : 1h00 Depuis que Marco passe en boucle \u00e0 la t\u00e9l\u00e9 dans une publicit\u00e9 pour un bouillon de volaille, tout le monde dans son \u00e9cole l\u2019appelle \u00ab Poule Mouill\u00e9e \u00bb. Pas facile de se d\u00e9fendre&hellip; <a href=\"https:\/\/www.loireenscene.org\/index.php\/2023\/07\/17\/poule-mouillee\/\" class=\"more-link\">Lire la suite <span class=\"screen-reader-text\">Poule mouill\u00e9e<\/span><\/a><\/p>\n","protected":false},"author":1,"featured_media":3469,"comment_status":"open","ping_status":"open","sticky":false,"template":"","format":"standard","meta":{"spay_email":"","footnotes":""},"categories":[24],"tags":[],"jetpack_featured_media_url":"https:\/\/www.loireenscene.org\/wp-content\/uploads\/2023\/07\/Poule_20Mouillee-pano-e1689602671784.jpg","_links":{"self":[{"href":"https:\/\/www.loireenscene.org\/index.php\/wp-json\/wp\/v2\/posts\/3468"}],"collection":[{"href":"https:\/\/www.loireenscene.org\/index.php\/wp-json\/wp\/v2\/posts"}],"about":[{"href":"https:\/\/www.loireenscene.org\/index.php\/wp-json\/wp\/v2\/types\/post"}],"author":[{"embeddable":true,"href":"https:\/\/www.loireenscene.org\/index.php\/wp-json\/wp\/v2\/users\/1"}],"replies":[{"embeddable":true,"href":"https:\/\/www.loireenscene.org\/index.php\/wp-json\/wp\/v2\/comments?post=3468"}],"version-history":[{"count":1,"href":"https:\/\/www.loireenscene.org\/index.php\/wp-json\/wp\/v2\/posts\/3468\/revisions"}],"predecessor-version":[{"id":3470,"href":"https:\/\/www.loireenscene.org\/index.php\/wp-json\/wp\/v2\/posts\/3468\/revisions\/3470"}],"wp:featuredmedia":[{"embeddable":true,"href":"https:\/\/www.loireenscene.org\/index.php\/wp-json\/wp\/v2\/media\/3469"}],"wp:attachment":[{"href":"https:\/\/www.loireenscene.org\/index.php\/wp-json\/wp\/v2\/media?parent=3468"}],"wp:term":[{"taxonomy":"category","embeddable":true,"href":"https:\/\/www.loireenscene.org\/index.php\/wp-json\/wp\/v2\/categories?post=3468"},{"taxonomy":"post_tag","embeddable":true,"href":"https:\/\/www.loireenscene.org\/index.php\/wp-json\/wp\/v2\/tags?post=3468"}],"curies":[{"name":"wp","href":"https:\/\/api.w.org\/{rel}","templated":true}]}}